{"id":79844,"date":"2026-01-10T14:34:59","date_gmt":"2026-01-10T11:34:59","guid":{"rendered":"https:\/\/www.egemtv.com\/?p=79844"},"modified":"2026-01-10T14:35:00","modified_gmt":"2026-01-10T11:35:00","slug":"salihlide-gazeteciler-gunu-satrancla-taclandi","status":"publish","type":"post","link":"https:\/\/www.egemtv.com\/?p=79844","title":{"rendered":"Salihli\u2019de Gazeteciler G\u00fcn\u00fc satran\u00e7la ta\u00e7land\u0131"},"content":{"rendered":"<p>Manisa\u2019n\u0131n Salihli il\u00e7esinde 10 Ocak \u00c7al\u0131\u015fan Gazeteciler G\u00fcn\u00fc kapsam\u0131nda \u00e7ocuklara y\u00f6nelik d\u00fczenlenen Satran\u00e7 Turnuvas\u0131, yo\u011fun kat\u0131l\u0131m ve \u00e7eki\u015fmeli kar\u015f\u0131la\u015fmalar\u0131n ard\u0131ndan tamamland\u0131.<br \/>\n<br \/>Turnuvan\u0131n \u00f6d\u00fcl t\u00f6renine Salihli\u2019de g\u00f6rev yapan gazeteciler de kat\u0131larak dereceye giren sporculara \u00f6d\u00fcllerini bizzat takdim etti.<br \/>\n<br \/>Salihli Gen\u00e7lik ve Spor \u0130l\u00e7e M\u00fcd\u00fcrl\u00fc\u011f\u00fc ile T\u00fcrkiye Satran\u00e7 Federasyonu Salihli \u0130l\u00e7e Satran\u00e7 Temsilcili\u011fi i\u015f birli\u011finde ger\u00e7ekle\u015ftirilen organizasyon, Salihli Ramiz Turan Spor Kompleksi\u2019nde iki g\u00fcn boyunca devam etti.<\/p>\n<p>&#8220;Satran\u00e7 \u00e7ocuklar\u0131n zihinsel geli\u015fimine b\u00fcy\u00fck katk\u0131 sa\u011fl\u0131yor&#8221;<br \/>\n<br \/>Turnuva sonunda de\u011ferlendirmelerde bulunan T\u00fcrkiye Satran\u00e7 Federasyonu E\u011fitim Kurulu Ba\u015fkan\u0131 ve ayn\u0131 zamanda Salihli Sardes Satran\u00e7 Spor Kul\u00fcb\u00fc yetkilisi G\u00fcrkan Aydeniz, satranc\u0131n \u00e7ocuklar\u0131n d\u00fc\u015f\u00fcnme, analiz ve karar verme becerilerini geli\u015ftirdi\u011fine dikkat \u00e7ekti.<br \/>\n<br \/>Aydeniz, yapt\u0131\u011f\u0131 konu\u015fmada &#8220;Ba\u015fta Salihli olmak \u00fczere Manisa satranc\u0131na verdikleri desteklerden dolay\u0131 gazeteci arkada\u015flar\u0131m\u0131za te\u015fekk\u00fcr ediyoruz. Salihli\u2019de g\u00f6rev yapan gazetecilerimiz, ulusal ve uluslararas\u0131 satran\u00e7 turnuvalar\u0131nda yapt\u0131klar\u0131 haberlerle il\u00e7emizin tan\u0131t\u0131m\u0131na \u00f6nemli katk\u0131lar sa\u011fl\u0131yor&#8221; ifadelerini kulland\u0131.<\/p>\n<p>12 kategoride m\u00fccadele ettiler<br \/>\n<br \/>\u0130svi\u00e7re sistemiyle oynanan turnuvada sporcular 35 dakika + 30 saniye eklemeli zaman temposuyla m\u00fccadele etti. Organizasyon, T\u00fcrkiye Satran\u00e7 Federasyonu ve FIDE Satran\u00e7 Kurallar\u0131 \u00e7er\u00e7evesinde ger\u00e7ekle\u015ftirildi. Turnuvaya 2014-2019 y\u0131llar\u0131 aras\u0131nda do\u011fmu\u015f, TSF lisans\u0131na sahip ve 2025-2026 sezonu vizesi bulunan 7-12 ya\u015f aras\u0131 sporcular kat\u0131ld\u0131. Organizasyon 12 farkl\u0131 kategoride d\u00fczenlenirken, baz\u0131 kategorilerde kontenjanlar k\u0131sa s\u00fcrede doldu.<\/p>\n<p>Dereceye giren sporculara madalya verildi<br \/>\n<br \/>Turnuva sonunda her kategoride dereceye giren sporculara madalyalar\u0131, Gazeteciler G\u00fcn\u00fc dolay\u0131s\u0131yla d\u00fczenlenen organizasyonda gazeteciler, turnuva da g\u00f6rev alan hakemler  \u0130l\u00e7e Gen\u00e7lik Hizmetleri ve Spor M\u00fcd\u00fcr\u00fc Oktay Ayaz taraf\u0131ndan takdim edildi. Turnuva sonu\u00e7lar\u0131n\u0131n Ulusal Kuvvet Derecesi (UKD) hesaplamalar\u0131nda da kullan\u0131laca\u011f\u0131 bildirildi.<br \/>\n<br \/>Konu\u015fman\u0131n ard\u0131ndan ya\u015f gruplar\u0131nda dereceye giren sporcular\u0131n madalyalar\u0131n\u0131 Salihli\u2019de g\u00f6rev yapan gazeteciler verdi.<br \/><\/p>\n","protected":false},"excerpt":{"rendered":"<p>Manisa\u2019n\u0131n Salihli il\u00e7esinde 10 Ocak \u00c7al\u0131\u015fan Gazeteciler G\u00fcn\u00fc kapsam\u0131nda \u00e7ocuklara y\u00f6nelik d\u00fczenlenen Satran\u00e7 Turnuvas\u0131, yo\u011fun kat\u0131l\u0131m ve \u00e7eki\u015fmeli kar\u015f\u0131la\u015fmalar\u0131n ard\u0131ndan tamamland\u0131. Turnuvan\u0131n \u00f6d\u00fcl t\u00f6renine Salihli\u2019de g\u00f6rev yapan gazeteciler de kat\u0131larak dereceye giren sporculara \u00f6d\u00fcllerini bizzat takdim etti. Salihli Gen\u00e7lik ve Spor \u0130l\u00e7e M\u00fcd\u00fcrl\u00fc\u011f\u00fc ile T\u00fcrkiye Satran\u00e7 Federasyonu Salihli \u0130l\u00e7e Satran\u00e7 Temsilcili\u011fi i\u015f birli\u011finde ger\u00e7ekle\u015ftirilen organizasyon,&#8230;<\/p>\n","protected":false},"author":1,"featured_media":79845,"comment_status":"open","ping_status":"open","sticky":false,"template":"","format":"standard","meta":{"_crdt_document":"","footnotes":""},"categories":[4],"tags":[],"class_list":["post-79844","post","type-post","status-publish","format-standard","has-post-thumbnail","hentry","category-spor"],"_links":{"self":[{"href":"https:\/\/www.egemtv.com\/index.php?rest_route=\/wp\/v2\/posts\/79844","targetHints":{"allow":["GET"]}}],"collection":[{"href":"https:\/\/www.egemtv.com\/index.php?rest_route=\/wp\/v2\/posts"}],"about":[{"href":"https:\/\/www.egemtv.com\/index.php?rest_route=\/wp\/v2\/types\/post"}],"author":[{"embeddable":true,"href":"https:\/\/www.egemtv.com\/index.php?rest_route=\/wp\/v2\/users\/1"}],"replies":[{"embeddable":true,"href":"https:\/\/www.egemtv.com\/index.php?rest_route=%2Fwp%2Fv2%2Fcomments&post=79844"}],"version-history":[{"count":1,"href":"https:\/\/www.egemtv.com\/index.php?rest_route=\/wp\/v2\/posts\/79844\/revisions"}],"predecessor-version":[{"id":79846,"href":"https:\/\/www.egemtv.com\/index.php?rest_route=\/wp\/v2\/posts\/79844\/revisions\/79846"}],"wp:featuredmedia":[{"embeddable":true,"href":"https:\/\/www.egemtv.com\/index.php?rest_route=\/wp\/v2\/media\/79845"}],"wp:attachment":[{"href":"https:\/\/www.egemtv.com\/index.php?rest_route=%2Fwp%2Fv2%2Fmedia&parent=79844"}],"wp:term":[{"taxonomy":"category","embeddable":true,"href":"https:\/\/www.egemtv.com\/index.php?rest_route=%2Fwp%2Fv2%2Fcategories&post=79844"},{"taxonomy":"post_tag","embeddable":true,"href":"https:\/\/www.egemtv.com\/index.php?rest_route=%2Fwp%2Fv2%2Ftags&post=79844"}],"curies":[{"name":"wp","href":"https:\/\/api.w.org\/{rel}","templated":true}]}}