{"id":79826,"date":"2026-01-10T13:54:58","date_gmt":"2026-01-10T10:54:58","guid":{"rendered":"https:\/\/www.egemtv.com\/?p=79826"},"modified":"2026-01-10T13:54:59","modified_gmt":"2026-01-10T10:54:59","slug":"ulku-ocaklarindan-bayindir-kizilkecili-ilkokuluna-egitim-destegi","status":"publish","type":"post","link":"https:\/\/www.egemtv.com\/?p=79826","title":{"rendered":"\u00dclk\u00fc Ocaklar\u0131\u2019ndan Bay\u0131nd\u0131r K\u0131z\u0131lke\u00e7ili \u0130lkokulu\u2019na e\u011fitim deste\u011fi"},"content":{"rendered":"<p>\u00dclk\u00fc Ocaklar\u0131 \u0130zmir \u0130l Ba\u015fkanl\u0131\u011f\u0131 taraf\u0131ndan y\u00fcr\u00fct\u00fclen E\u011fitime Destek Seferberli\u011fi kapsam\u0131nda yedinci okul \u00e7al\u0131\u015fmas\u0131, Bay\u0131nd\u0131r il\u00e7esinde bulunan K\u0131z\u0131lke\u00e7ili \u0130lkokulu\u2019nda ba\u015far\u0131yla tamamland\u0131.<br \/>\n<br \/>\u00dclk\u00fc Ocaklar\u0131 \u0130zmir \u0130l Ba\u015fkanl\u0131\u011f\u0131 taraf\u0131ndan y\u00fcr\u00fct\u00fclen &#8220;E\u011fitime Destek Seferberli\u011fi&#8221; kapsam\u0131nda, yedinci okul \u00e7al\u0131\u015fmas\u0131 Bay\u0131nd\u0131r il\u00e7esindeki K\u0131z\u0131lke\u00e7ili \u0130lkokulu\u2019nda tamamland\u0131. \u00c7al\u0131\u015fmalarla okulun fiziki altyap\u0131s\u0131 ve e\u011fitim ortam\u0131 ba\u015ftan sona yenilenerek \u00f6\u011frencilerin daha sa\u011fl\u0131kl\u0131, g\u00fcvenli ve nitelikli \u015fartlarda e\u011fitim almas\u0131 hedeflendi.<br \/>\n<br \/>Okul binas\u0131n\u0131n d\u0131\u015f cephesinde s\u0131va ve boya \u00e7al\u0131\u015fmalar\u0131 yap\u0131l\u0131rken, \u00fc\u00e7 derslik ve idareci odas\u0131n\u0131n tavan ile duvarlar\u0131 da yenilendi. Ayr\u0131ca s\u0131n\u0131f ve okul ayd\u0131nlatmalar\u0131 ile anahtar-priz sistemleri elden ge\u00e7irildi.<br \/>\n<br \/>E\u011fitici oyun setleri, k\u00f6m\u00fcr sobas\u0131, spor malzemeleri, k\u0131rtasiye malzemeleri ve okuma kitaplar\u0131 da okula kazand\u0131r\u0131ld\u0131. \u00dclk\u00fc Ocaklar\u0131 Uzaktan E\u011fitim Merkezi (\u00dcOUZEM) ve ODAK e\u011fitim destekleri de \u00f6\u011frencilerle bulu\u015fturuldu. Atat\u00fcrk b\u00fcst\u00fc verniklenip &#8220;Ne Mutlu T\u00fcrk\u00fcm Diyene&#8221; tabelas\u0131 yenilenerek okulun milli ve manevi de\u011ferleri de g\u00fc\u00e7lendirildi. \u00dclk\u00fc Ocaklar\u0131 \u0130zmir \u0130l Ba\u015fkan\u0131 Burak K\u0131l\u0131\u00e7 da yap\u0131lan bu \u00e7al\u0131\u015fma sonras\u0131nda a\u00e7\u0131klamalarda bulundu. E\u011fitimin bir milletin yaln\u0131zca bug\u00fcn\u00fc de\u011fil, istikbali oldu\u011funu s\u00f6yleyen K\u0131l\u0131\u00e7, &#8220;\u00dclk\u00fc Ocaklar\u0131 olarak \u00e7\u0131kt\u0131\u011f\u0131m\u0131z bu yolda; imk\u00e2n\u0131 s\u0131n\u0131rl\u0131 olan k\u00f6y okullar\u0131m\u0131zda okuyan evlatlar\u0131m\u0131z\u0131 hi\u00e7bir zaman yaln\u0131z b\u0131rakmamay\u0131 temel bir g\u00f6rev kabul ediyoruz. Bay\u0131nd\u0131r K\u0131z\u0131lke\u00e7ili \u0130lkokulu\u2019nda hayata ge\u00e7irdi\u011fimiz bu \u00e7al\u0131\u015fma, g\u00f6n\u00fcll\u00fcl\u00fck ruhuyla hareket eden te\u015fkilat\u0131m\u0131z\u0131n samimi gayretinin bir sonucudur. Bir mesajla bize ula\u015fan \u00f6\u011fretmenimizin talebine kay\u0131ts\u0131z kalmadan, ihtiya\u00e7 duyulan her alanda \u00e7\u00f6z\u00fcm \u00fcretmekten onur duyuyoruz. T\u00fcrk milletinin gelece\u011fi olan \u00e7ocuklar\u0131m\u0131z i\u00e7in att\u0131\u011f\u0131m\u0131z her ad\u0131m, bizim i\u00e7in bir sorumluluk de\u011fil; bir vefa borcudur&#8221; ifadelerini kulland\u0131.<br \/><\/p>\n","protected":false},"excerpt":{"rendered":"<p>\u00dclk\u00fc Ocaklar\u0131 \u0130zmir \u0130l Ba\u015fkanl\u0131\u011f\u0131 taraf\u0131ndan y\u00fcr\u00fct\u00fclen E\u011fitime Destek Seferberli\u011fi kapsam\u0131nda yedinci okul \u00e7al\u0131\u015fmas\u0131, Bay\u0131nd\u0131r il\u00e7esinde bulunan K\u0131z\u0131lke\u00e7ili \u0130lkokulu\u2019nda ba\u015far\u0131yla tamamland\u0131. \u00dclk\u00fc Ocaklar\u0131 \u0130zmir \u0130l Ba\u015fkanl\u0131\u011f\u0131 taraf\u0131ndan y\u00fcr\u00fct\u00fclen &#8220;E\u011fitime Destek Seferberli\u011fi&#8221; kapsam\u0131nda, yedinci okul \u00e7al\u0131\u015fmas\u0131 Bay\u0131nd\u0131r il\u00e7esindeki K\u0131z\u0131lke\u00e7ili \u0130lkokulu\u2019nda tamamland\u0131. \u00c7al\u0131\u015fmalarla okulun fiziki altyap\u0131s\u0131 ve e\u011fitim ortam\u0131 ba\u015ftan sona yenilenerek \u00f6\u011frencilerin daha sa\u011fl\u0131kl\u0131, g\u00fcvenli ve&#8230;<\/p>\n","protected":false},"author":1,"featured_media":79827,"comment_status":"open","ping_status":"open","sticky":false,"template":"","format":"standard","meta":{"_crdt_document":"","footnotes":""},"categories":[1],"tags":[],"class_list":["post-79826","post","type-post","status-publish","format-standard","has-post-thumbnail","hentry","category-guncel"],"_links":{"self":[{"href":"https:\/\/www.egemtv.com\/index.php?rest_route=\/wp\/v2\/posts\/79826","targetHints":{"allow":["GET"]}}],"collection":[{"href":"https:\/\/www.egemtv.com\/index.php?rest_route=\/wp\/v2\/posts"}],"about":[{"href":"https:\/\/www.egemtv.com\/index.php?rest_route=\/wp\/v2\/types\/post"}],"author":[{"embeddable":true,"href":"https:\/\/www.egemtv.com\/index.php?rest_route=\/wp\/v2\/users\/1"}],"replies":[{"embeddable":true,"href":"https:\/\/www.egemtv.com\/index.php?rest_route=%2Fwp%2Fv2%2Fcomments&post=79826"}],"version-history":[{"count":1,"href":"https:\/\/www.egemtv.com\/index.php?rest_route=\/wp\/v2\/posts\/79826\/revisions"}],"predecessor-version":[{"id":79828,"href":"https:\/\/www.egemtv.com\/index.php?rest_route=\/wp\/v2\/posts\/79826\/revisions\/79828"}],"wp:featuredmedia":[{"embeddable":true,"href":"https:\/\/www.egemtv.com\/index.php?rest_route=\/wp\/v2\/media\/79827"}],"wp:attachment":[{"href":"https:\/\/www.egemtv.com\/index.php?rest_route=%2Fwp%2Fv2%2Fmedia&parent=79826"}],"wp:term":[{"taxonomy":"category","embeddable":true,"href":"https:\/\/www.egemtv.com\/index.php?rest_route=%2Fwp%2Fv2%2Fcategories&post=79826"},{"taxonomy":"post_tag","embeddable":true,"href":"https:\/\/www.egemtv.com\/index.php?rest_route=%2Fwp%2Fv2%2Ftags&post=79826"}],"curies":[{"name":"wp","href":"https:\/\/api.w.org\/{rel}","templated":true}]}}