{"id":79823,"date":"2026-01-10T13:54:57","date_gmt":"2026-01-10T10:54:57","guid":{"rendered":"https:\/\/www.egemtv.com\/?p=79823"},"modified":"2026-01-10T13:54:58","modified_gmt":"2026-01-10T10:54:58","slug":"aydin-devlet-hastanesinde-yeni-personeller-bilgilendirildi","status":"publish","type":"post","link":"https:\/\/www.egemtv.com\/?p=79823","title":{"rendered":"Ayd\u0131n Devlet Hastanesi\u2019nde yeni personeller bilgilendirildi"},"content":{"rendered":"<p>Ayd\u0131n Devlet Hastanesi\u2019nde g\u00f6reve ba\u015flayan \u00f6zel g\u00fcvenlik, temizlik ve klinik destek personeline y\u00f6nelik d\u00fczenlenen kapsaml\u0131 oryantasyon e\u011fitiminde, hasta ve \u00e7al\u0131\u015fan g\u00fcvenli\u011finden enfeksiyon kontrol\u00fcne kadar bir\u00e7ok ba\u015fl\u0131k ele al\u0131nd\u0131.<br \/>\n<br \/>Ayd\u0131n Devlet Hastanesi\u2019nde g\u00f6reve yeni ba\u015flayan \u00f6zel g\u00fcvenlik g\u00f6revlisi, temizlik g\u00f6revlisi ve klinik destek elemanlar\u0131na y\u00f6nelik kapsaml\u0131 bir oryantasyon e\u011fitimi d\u00fczenlendi. Hastane b\u00fcnyesinde ger\u00e7ekle\u015ftirilen e\u011fitim program\u0131; E\u011fitim Birimi, Kalite Birimi, At\u0131k Y\u00f6netim Birimi, \u00c7al\u0131\u015fan Haklar\u0131 ve G\u00fcvenli\u011fi Birimi, Sivil Savunma Birimi, \u0130\u015f Sa\u011fl\u0131\u011f\u0131 ve G\u00fcvenli\u011fi Birimi ile Enfeksiyon Kontrol Birimi taraf\u0131ndan verildi. E\u011fitimlerde, hastane i\u015fleyi\u015fi ve kurumsal uyumun yan\u0131 s\u0131ra kalite standartlar\u0131, hasta ve \u00e7al\u0131\u015fan g\u00fcvenli\u011fi konular\u0131nda detayl\u0131 bilgilendirme yap\u0131ld\u0131. Program kapsam\u0131nda personele, at\u0131klar\u0131n do\u011fru y\u00f6netimi, \u00e7al\u0131\u015fan haklar\u0131, acil durumlarda do\u011fru hareket tarz\u0131, i\u015f kazalar\u0131n\u0131n \u00f6nlenmesi, ki\u015fisel koruyucu donan\u0131m kullan\u0131m\u0131, el hijyeni ve enfeksiyonlardan korunma ba\u015fl\u0131klar\u0131nda e\u011fitimler aktar\u0131ld\u0131. Temizlik ve destek hizmetlerinin sa\u011fl\u0131k hizmetlerinin ayr\u0131lmaz bir par\u00e7as\u0131 oldu\u011fu vurgulanarak, personelin g\u00f6revlerine bilin\u00e7li, g\u00fcvenli ve donan\u0131ml\u0131 \u015fekilde ba\u015flamas\u0131 ama\u00e7land\u0131. Konu ile ilgili Ayd\u0131n Devlet Hastanesi\u2019nden yap\u0131lan a\u00e7\u0131klamada &#8220;Oryantasyon e\u011fitimini ba\u015far\u0131yla tamamlayan t\u00fcm \u00e7al\u0131\u015fma arkada\u015flar\u0131m\u0131z\u0131 tebrik ediyor, g\u00f6revlerinde sa\u011fl\u0131k, ba\u015far\u0131 ve kolayl\u0131klar diliyoruz&#8221; ifadeleri yer ald\u0131.<br \/><\/p>\n","protected":false},"excerpt":{"rendered":"<p>Ayd\u0131n Devlet Hastanesi\u2019nde g\u00f6reve ba\u015flayan \u00f6zel g\u00fcvenlik, temizlik ve klinik destek personeline y\u00f6nelik d\u00fczenlenen kapsaml\u0131 oryantasyon e\u011fitiminde, hasta ve \u00e7al\u0131\u015fan g\u00fcvenli\u011finden enfeksiyon kontrol\u00fcne kadar bir\u00e7ok ba\u015fl\u0131k ele al\u0131nd\u0131. Ayd\u0131n Devlet Hastanesi\u2019nde g\u00f6reve yeni ba\u015flayan \u00f6zel g\u00fcvenlik g\u00f6revlisi, temizlik g\u00f6revlisi ve klinik destek elemanlar\u0131na y\u00f6nelik kapsaml\u0131 bir oryantasyon e\u011fitimi d\u00fczenlendi. Hastane b\u00fcnyesinde ger\u00e7ekle\u015ftirilen e\u011fitim program\u0131; E\u011fitim&#8230;<\/p>\n","protected":false},"author":1,"featured_media":79824,"comment_status":"open","ping_status":"open","sticky":false,"template":"","format":"standard","meta":{"_crdt_document":"","footnotes":""},"categories":[1],"tags":[],"class_list":["post-79823","post","type-post","status-publish","format-standard","has-post-thumbnail","hentry","category-guncel"],"_links":{"self":[{"href":"https:\/\/www.egemtv.com\/index.php?rest_route=\/wp\/v2\/posts\/79823","targetHints":{"allow":["GET"]}}],"collection":[{"href":"https:\/\/www.egemtv.com\/index.php?rest_route=\/wp\/v2\/posts"}],"about":[{"href":"https:\/\/www.egemtv.com\/index.php?rest_route=\/wp\/v2\/types\/post"}],"author":[{"embeddable":true,"href":"https:\/\/www.egemtv.com\/index.php?rest_route=\/wp\/v2\/users\/1"}],"replies":[{"embeddable":true,"href":"https:\/\/www.egemtv.com\/index.php?rest_route=%2Fwp%2Fv2%2Fcomments&post=79823"}],"version-history":[{"count":1,"href":"https:\/\/www.egemtv.com\/index.php?rest_route=\/wp\/v2\/posts\/79823\/revisions"}],"predecessor-version":[{"id":79825,"href":"https:\/\/www.egemtv.com\/index.php?rest_route=\/wp\/v2\/posts\/79823\/revisions\/79825"}],"wp:featuredmedia":[{"embeddable":true,"href":"https:\/\/www.egemtv.com\/index.php?rest_route=\/wp\/v2\/media\/79824"}],"wp:attachment":[{"href":"https:\/\/www.egemtv.com\/index.php?rest_route=%2Fwp%2Fv2%2Fmedia&parent=79823"}],"wp:term":[{"taxonomy":"category","embeddable":true,"href":"https:\/\/www.egemtv.com\/index.php?rest_route=%2Fwp%2Fv2%2Fcategories&post=79823"},{"taxonomy":"post_tag","embeddable":true,"href":"https:\/\/www.egemtv.com\/index.php?rest_route=%2Fwp%2Fv2%2Ftags&post=79823"}],"curies":[{"name":"wp","href":"https:\/\/api.w.org\/{rel}","templated":true}]}}