{"id":79820,"date":"2026-01-10T13:34:36","date_gmt":"2026-01-10T10:34:36","guid":{"rendered":"https:\/\/www.egemtv.com\/?p=79820"},"modified":"2026-01-10T13:34:37","modified_gmt":"2026-01-10T10:34:37","slug":"buyuksehir-datcada-53-bin-metrelik-yol-agini-yeniliyor","status":"publish","type":"post","link":"https:\/\/www.egemtv.com\/?p=79820","title":{"rendered":"B\u00fcy\u00fck\u015fehir Dat\u00e7a\u2019da 53 bin metrelik yol a\u011f\u0131n\u0131 yeniliyor"},"content":{"rendered":"<p>Mu\u011fla B\u00fcy\u00fck\u015fehir Belediyesi, Dat\u00e7a il\u00e7esinde ula\u015f\u0131m altyap\u0131s\u0131n\u0131 g\u00fc\u00e7lendirmek amac\u0131yla ba\u015flatt\u0131\u011f\u0131 300 milyon TL\u2019lik yol yat\u0131r\u0131m \u00e7al\u0131\u015fmalar\u0131n\u0131 s\u00fcrd\u00fcr\u00fcyor. Toplam 53 bin metre uzunlu\u011fundaki yol a\u011f\u0131n\u0131 kapsayan \u00e7al\u0131\u015fmalarla il\u00e7ede ula\u015f\u0131m\u0131n daha g\u00fcvenli ve konforlu hale getirilmesi hedefleniyor.<br \/>\n<br \/>Mu\u011fla B\u00fcy\u00fck\u015fehir Belediyesi, il genelinde g\u00fcvenli, konforlu ve s\u00fcrd\u00fcr\u00fclebilir ula\u015f\u0131m vizyonu do\u011frultusunda yol yat\u0131r\u0131mlar\u0131na devam ediyor. Bu kapsamda Dat\u00e7a\u2019da y\u00fcr\u00fct\u00fclen \u00e7al\u0131\u015fmalar, ula\u015f\u0131m altyap\u0131s\u0131n\u0131n g\u00fc\u00e7lendirilmesini ve ya\u015fam kalitesinin art\u0131r\u0131lmas\u0131n\u0131 ama\u00e7l\u0131yor.<br \/>\n<br \/>Yat\u0131r\u0131m program\u0131 kapsam\u0131nda 53 bin metre uzunlu\u011fundaki yol a\u011f\u0131nda, 7 bin metrelik ya\u011fmursuyu altyap\u0131 imalatlar\u0131, zemin iyile\u015ftirme \u00e7al\u0131\u015fmalar\u0131, s\u0131cak asfalt kaplama ve kald\u0131r\u0131m d\u00fczenlemeleri e\u015f zamanl\u0131 olarak ger\u00e7ekle\u015ftiriliyor. Yol yap\u0131m program\u0131 do\u011frultusunda ekipler ilk olarak Dat\u00e7a \u00c7evre Yolu\u2019nda ya\u011fmursuyu altyap\u0131s\u0131 imalat\u0131na ba\u015flad\u0131. \u00c7al\u0131\u015fmalar kapsam\u0131nda 7 bin metrelik hatta ya\u011fmursuyu altyap\u0131s\u0131, zemin iyile\u015ftirme, s\u0131cak asfalt kaplama ve kald\u0131r\u0131m d\u00fczenlemeleri yap\u0131lacak.<br \/>\n<br \/>B\u00fcy\u00fck\u015fehir Belediyesi, il\u00e7edeki bir\u00e7ok noktada kapsaml\u0131 yol \u00e7al\u0131\u015fmalar\u0131 da y\u00fcr\u00fct\u00fcyor. Dat\u00e7a Merkez\u2019de 15 bin metrelik muhtelif yollarda Dat\u00e7a Belediyesi ile yap\u0131lan protokol kapsam\u0131nda s\u0131cak asfalt \u00e7al\u0131\u015fmalar\u0131, Kaz\u0131m Y\u0131lmaz Caddesi\u2019nde 4 bin 500 metre s\u0131cak asfalt imalat\u0131, M\u00fczreki Sokak\u2019ta (543. Sokak) 500 metrelik ya\u011fmursuyu altyap\u0131s\u0131, zemin iyile\u015ftirme ve s\u0131cak asfalt imalat\u0131 yap\u0131l\u0131yor. Re\u015fadiye-Mesudiye yol ayr\u0131m\u0131nda 8 bin metre zemin iyile\u015ftirme ve s\u0131cak asfalt \u00e7al\u0131\u015fmalar\u0131, Mesudiye-Palamutb\u00fck\u00fc yolunda 14 bin metrelik zemin iyile\u015ftirme ve sathi kaplama \u00e7al\u0131\u015fmalar\u0131, Yaka-Yaz\u0131k\u00f6y Yolu\u2019nda 5 bin metre zemin iyile\u015ftirme ve sathi kaplama \u00e7al\u0131\u015fmalar\u0131 yap\u0131lacak. Devam eden \u00e7al\u0131\u015fmalar kapsam\u0131nda 7 bin metre olarak planlanan ya\u011fmursuyu imalatlar\u0131n\u0131n bin 500 metrelik b\u00f6l\u00fcm\u00fc tamamland\u0131. Toplam 53 bin metrelik asfalt \u00e7al\u0131\u015fmalar\u0131 \u00e7er\u00e7evesinde ise 5 bin metrelik yol s\u0131cak asfaltla kaplanarak vatanda\u015flar\u0131n kullan\u0131m\u0131na sunuldu.<br \/>\n<br \/>&#8220;Dat\u00e7a\u2019n\u0131n ihtiya\u00e7lar\u0131na kal\u0131c\u0131 \u00e7\u00f6z\u00fcmler \u00fcretiyoruz&#8221;<br \/>\n<br \/>K\u0131y\u0131 Ege Belediyeler Birli\u011fi ve Mu\u011fla B\u00fcy\u00fck\u015fehir Belediye Ba\u015fkan\u0131 Ahmet Aras, Dat\u00e7a\u2019da y\u00fcr\u00fct\u00fclen yol yat\u0131r\u0131mlar\u0131n\u0131n b\u00fct\u00fcnc\u00fcl bir planlama anlay\u0131\u015f\u0131yla hayata ge\u00e7irildi\u011fini belirterek, &#8220;Dat\u00e7a il\u00e7emiz, kapsaml\u0131 ve uzun vadeli bir planlama yakla\u015f\u0131m\u0131n\u0131 gerektiriyor. Bu do\u011frultuda B\u00fcy\u00fck\u015fehir Belediyesi olarak yol yat\u0131r\u0131mlar\u0131m\u0131z\u0131 ge\u00e7ici \u00e7\u00f6z\u00fcmler yerine, kal\u0131c\u0131 ve s\u00fcrd\u00fcr\u00fclebilir bir anlay\u0131\u015fla ger\u00e7ekle\u015ftiriyoruz&#8221; dedi. Yap\u0131lan \u00e7al\u0131\u015fmalar\u0131n Dat\u00e7a\u2019n\u0131n mevcut ve gelecekteki ihtiya\u00e7lar\u0131 dikkate al\u0131narak planland\u0131\u011f\u0131n\u0131 vurgulayan Ba\u015fkan Aras, &#8220;Amac\u0131m\u0131z, il\u00e7emizde ula\u015f\u0131m\u0131 daha g\u00fcvenli ve konforlu hale getirerek vatanda\u015flar\u0131m\u0131z\u0131n ya\u015fam kalitesini y\u00fckseltmek ve Dat\u00e7a\u2019n\u0131n uzun vadeli ula\u015f\u0131m altyap\u0131s\u0131n\u0131 g\u00fc\u00e7lendirmektir&#8221; ifadelerini kulland\u0131.<br \/>\n<br \/>Mu\u011fla genelinde devam eden yol yat\u0131r\u0131mlar\u0131na da de\u011finen Ba\u015fkan Aras, &#8220;2025 y\u0131l\u0131nda 2 milyar 86 milyon TL\u2019lik yol yat\u0131r\u0131m\u0131yla 180 bin metre yeni yol yap\u0131m\u0131 ile 440 bin metre yol bak\u0131m ve onar\u0131m \u00e7al\u0131\u015fmas\u0131n\u0131 tamamlad\u0131k. 2026 y\u0131l\u0131nda ise 4 milyar 150 milyon TL\u2019lik b\u00fct\u00e7eyle 521 bin metrenin \u00fczerinde yol \u00e7al\u0131\u015fmas\u0131n\u0131 hayata ge\u00e7irmeyi planl\u0131yoruz. Bu yat\u0131r\u0131mlarla Dat\u00e7a ba\u015fta olmak \u00fczere Mu\u011fla\u2019n\u0131n t\u00fcm il\u00e7elerinde ula\u015f\u0131m altyap\u0131s\u0131n\u0131 daha g\u00fc\u00e7l\u00fc, g\u00fcvenli ve konforlu hale getirmeyi hedefliyoruz&#8221; diye konu\u015ftu.<br \/><\/p>\n","protected":false},"excerpt":{"rendered":"<p>Mu\u011fla B\u00fcy\u00fck\u015fehir Belediyesi, Dat\u00e7a il\u00e7esinde ula\u015f\u0131m altyap\u0131s\u0131n\u0131 g\u00fc\u00e7lendirmek amac\u0131yla ba\u015flatt\u0131\u011f\u0131 300 milyon TL\u2019lik yol yat\u0131r\u0131m \u00e7al\u0131\u015fmalar\u0131n\u0131 s\u00fcrd\u00fcr\u00fcyor. Toplam 53 bin metre uzunlu\u011fundaki yol a\u011f\u0131n\u0131 kapsayan \u00e7al\u0131\u015fmalarla il\u00e7ede ula\u015f\u0131m\u0131n daha g\u00fcvenli ve konforlu hale getirilmesi hedefleniyor. Mu\u011fla B\u00fcy\u00fck\u015fehir Belediyesi, il genelinde g\u00fcvenli, konforlu ve s\u00fcrd\u00fcr\u00fclebilir ula\u015f\u0131m vizyonu do\u011frultusunda yol yat\u0131r\u0131mlar\u0131na devam ediyor. Bu kapsamda Dat\u00e7a\u2019da y\u00fcr\u00fct\u00fclen&#8230;<\/p>\n","protected":false},"author":1,"featured_media":79821,"comment_status":"open","ping_status":"open","sticky":false,"template":"","format":"standard","meta":{"_crdt_document":"","footnotes":""},"categories":[1],"tags":[],"class_list":["post-79820","post","type-post","status-publish","format-standard","has-post-thumbnail","hentry","category-guncel"],"_links":{"self":[{"href":"https:\/\/www.egemtv.com\/index.php?rest_route=\/wp\/v2\/posts\/79820","targetHints":{"allow":["GET"]}}],"collection":[{"href":"https:\/\/www.egemtv.com\/index.php?rest_route=\/wp\/v2\/posts"}],"about":[{"href":"https:\/\/www.egemtv.com\/index.php?rest_route=\/wp\/v2\/types\/post"}],"author":[{"embeddable":true,"href":"https:\/\/www.egemtv.com\/index.php?rest_route=\/wp\/v2\/users\/1"}],"replies":[{"embeddable":true,"href":"https:\/\/www.egemtv.com\/index.php?rest_route=%2Fwp%2Fv2%2Fcomments&post=79820"}],"version-history":[{"count":1,"href":"https:\/\/www.egemtv.com\/index.php?rest_route=\/wp\/v2\/posts\/79820\/revisions"}],"predecessor-version":[{"id":79822,"href":"https:\/\/www.egemtv.com\/index.php?rest_route=\/wp\/v2\/posts\/79820\/revisions\/79822"}],"wp:featuredmedia":[{"embeddable":true,"href":"https:\/\/www.egemtv.com\/index.php?rest_route=\/wp\/v2\/media\/79821"}],"wp:attachment":[{"href":"https:\/\/www.egemtv.com\/index.php?rest_route=%2Fwp%2Fv2%2Fmedia&parent=79820"}],"wp:term":[{"taxonomy":"category","embeddable":true,"href":"https:\/\/www.egemtv.com\/index.php?rest_route=%2Fwp%2Fv2%2Fcategories&post=79820"},{"taxonomy":"post_tag","embeddable":true,"href":"https:\/\/www.egemtv.com\/index.php?rest_route=%2Fwp%2Fv2%2Ftags&post=79820"}],"curies":[{"name":"wp","href":"https:\/\/api.w.org\/{rel}","templated":true}]}}