{"id":79817,"date":"2026-01-10T13:14:59","date_gmt":"2026-01-10T10:14:59","guid":{"rendered":"https:\/\/www.egemtv.com\/?p=79817"},"modified":"2026-01-10T13:15:00","modified_gmt":"2026-01-10T10:15:00","slug":"muglada-cocuklar-ger-donusum-bilinci-kazaniyor","status":"publish","type":"post","link":"https:\/\/www.egemtv.com\/?p=79817","title":{"rendered":"Mu\u011fla\u2019da \u00e7ocuklar ger d\u00f6n\u00fc\u015f\u00fcm bilinci kazan\u0131yor"},"content":{"rendered":"<p>Mu\u011fla B\u00fcy\u00fck\u015fehir Belediyesi, \u00e7ocuklara geri d\u00f6n\u00fc\u015f\u00fcm bilinci kazand\u0131rmak amac\u0131yla Emin Eller G\u00fcnd\u00fcz Bak\u0131mevi\u2019nde ba\u015flatt\u0131\u011f\u0131 fark\u0131ndal\u0131k \u00e7al\u0131\u015fmalar\u0131n\u0131, il genelindeki okullarda yayg\u0131nla\u015ft\u0131r\u0131yor.<br \/>\n<br \/>Mu\u011fla B\u00fcy\u00fck\u015fehir Belediyesi, \u00e7ocuklara geri d\u00f6n\u00fc\u015f\u00fcm bilinci kazand\u0131rmak ve at\u0131klar\u0131n ayr\u0131\u015ft\u0131r\u0131lmas\u0131n\u0131 \u00f6\u011fretmek amac\u0131yla y\u00fcr\u00fctt\u00fc\u011f\u00fc fark\u0131ndal\u0131k \u00e7al\u0131\u015fmalar\u0131n\u0131 s\u00fcrd\u00fcr\u00fcyor. Bu kapsamda d\u00fczenlenen etkinlikte B\u00fcy\u00fck\u015fehir ekipleri, G\u00f6lc\u00fck Ortaokulu\u2019nda \u00f6\u011frencilerle bir araya geldi. Etkinlikte \u00e7ocuklara geri d\u00f6n\u00fc\u015f\u00fcm ve at\u0131k ayr\u0131\u015ft\u0131rma konulu e\u011fitici i\u00e7erikler sunulurken, haz\u0131rlanan at\u0131k potalar\u0131yla uygulamal\u0131 fark\u0131ndal\u0131k \u00e7al\u0131\u015fmas\u0131 ger\u00e7ekle\u015ftirildi. Kal\u0131c\u0131 bilin\u00e7 olu\u015fturmak amac\u0131yla okula at\u0131k potalar\u0131 b\u0131rak\u0131ld\u0131. Ayr\u0131ca, Mu\u011fla B\u00fcy\u00fck\u015fehir Belediyesi Yerel Tohum Merkezi\u2019nde \u00fcretilen tohumlar ve saks\u0131 fideleri \u00f6\u011frencilere hediye edilerek, \u00e7evreyi koruma ve ye\u015fillendirmenin \u00f6nemi vurguland\u0131. \u0130lk uygulamas\u0131 Mente\u015fe G\u00f6lc\u00fck Ortaokulu\u2019nda ger\u00e7ekle\u015ftirilen e\u011fitici \u00e7al\u0131\u015fmalar\u0131n, Mu\u011fla \u0130l Milli E\u011fitim M\u00fcd\u00fcrl\u00fc\u011f\u00fc ile koordinasyon i\u00e7inde il genelindeki okullarda yayg\u0131nla\u015ft\u0131r\u0131lmas\u0131 planlan\u0131yor.<br \/>\n<br \/>&#8220;S\u0131f\u0131r at\u0131k bizim i\u00e7in bir duru\u015f, bir ya\u015fam tarz\u0131d\u0131r&#8221;<br \/>\n<br \/>G\u00f6lc\u00fck Ortaokulu\u2019nda 7. s\u0131n\u0131fa giden Elif Sena Yavuz; &#8220;S\u0131f\u0131r at\u0131k bizim i\u00e7in bir proje de\u011fil, bir duru\u015f, bir ya\u015fam tarz\u0131d\u0131r. Okulumuzdaki at\u0131klar\u0131 sanata \u00e7eviriyoruz, bilimde kullan\u0131yoruz. Etkinliklerimizde mutlaka s\u0131f\u0131r at\u0131\u011fa yer veriyoruz. Mu\u011fla Valili\u011fi\u2019ne ve Mu\u011fla B\u00fcy\u00fck\u015fehir Belediyesi\u2019ne de bu etkinlik i\u00e7in \u00e7ok te\u015fekk\u00fcr ediyorum&#8221; dedi.<br \/>\n<br \/>G\u00f6lc\u00fck Ortaokulu\u2019nda 8. s\u0131n\u0131f \u00f6\u011frencisi Halil Tozlu ise &#8220;Biz t\u00fcm at\u0131klar\u0131 \u00e7\u00f6p olarak de\u011fil geri d\u00f6n\u00fc\u015f\u00fcm olarak g\u00f6r\u00fcyoruz ve ona g\u00f6re hareket ediyoruz&#8221; ifadelerini kulland\u0131.<br \/>\n<br \/>&#8220;\u00c7evre bilinci k\u00fc\u00e7\u00fck ya\u015flarda kazan\u0131l\u0131r&#8221;<br \/>\n<br \/>K\u0131y\u0131 Ege Belediyeler Birli\u011fi ve Mu\u011fla B\u00fcy\u00fck\u015fehir Belediye Ba\u015fkan\u0131 Ahmet Aras, etkinli\u011fe ili\u015fkin yapt\u0131\u011f\u0131 de\u011ferlendirmede, \u00e7evre bilincinin k\u00fc\u00e7\u00fck ya\u015flarda kazan\u0131lmas\u0131n\u0131n b\u00fcy\u00fck \u00f6nem ta\u015f\u0131d\u0131\u011f\u0131n\u0131 belirterek, &#8220;S\u0131f\u0131r at\u0131k ve geri d\u00f6n\u00fc\u015f\u00fcm anlay\u0131\u015f\u0131n\u0131 \u00e7ocuklar\u0131m\u0131za ne kadar erken ya\u015fta kazand\u0131r\u0131rsak, gelece\u011fimizi de o kadar g\u00fc\u00e7l\u00fc \u015fekilde korumu\u015f oluruz. B\u00fcy\u00fck\u015fehir Belediyesi olarak \u00e7evreye duyarl\u0131, do\u011fayla bar\u0131\u015f\u0131k nesiller yeti\u015fmesi i\u00e7in e\u011fitimden \u00fcretime kadar her alanda \u00e7al\u0131\u015fmalar\u0131m\u0131z\u0131 s\u00fcrd\u00fcr\u00fcyoruz&#8221; dedi.<br \/><\/p>\n","protected":false},"excerpt":{"rendered":"<p>Mu\u011fla B\u00fcy\u00fck\u015fehir Belediyesi, \u00e7ocuklara geri d\u00f6n\u00fc\u015f\u00fcm bilinci kazand\u0131rmak amac\u0131yla Emin Eller G\u00fcnd\u00fcz Bak\u0131mevi\u2019nde ba\u015flatt\u0131\u011f\u0131 fark\u0131ndal\u0131k \u00e7al\u0131\u015fmalar\u0131n\u0131, il genelindeki okullarda yayg\u0131nla\u015ft\u0131r\u0131yor. Mu\u011fla B\u00fcy\u00fck\u015fehir Belediyesi, \u00e7ocuklara geri d\u00f6n\u00fc\u015f\u00fcm bilinci kazand\u0131rmak ve at\u0131klar\u0131n ayr\u0131\u015ft\u0131r\u0131lmas\u0131n\u0131 \u00f6\u011fretmek amac\u0131yla y\u00fcr\u00fctt\u00fc\u011f\u00fc fark\u0131ndal\u0131k \u00e7al\u0131\u015fmalar\u0131n\u0131 s\u00fcrd\u00fcr\u00fcyor. Bu kapsamda d\u00fczenlenen etkinlikte B\u00fcy\u00fck\u015fehir ekipleri, G\u00f6lc\u00fck Ortaokulu\u2019nda \u00f6\u011frencilerle bir araya geldi. Etkinlikte \u00e7ocuklara geri d\u00f6n\u00fc\u015f\u00fcm ve at\u0131k&#8230;<\/p>\n","protected":false},"author":1,"featured_media":79818,"comment_status":"open","ping_status":"open","sticky":false,"template":"","format":"standard","meta":{"_crdt_document":"","footnotes":""},"categories":[1],"tags":[],"class_list":["post-79817","post","type-post","status-publish","format-standard","has-post-thumbnail","hentry","category-guncel"],"_links":{"self":[{"href":"https:\/\/www.egemtv.com\/index.php?rest_route=\/wp\/v2\/posts\/79817","targetHints":{"allow":["GET"]}}],"collection":[{"href":"https:\/\/www.egemtv.com\/index.php?rest_route=\/wp\/v2\/posts"}],"about":[{"href":"https:\/\/www.egemtv.com\/index.php?rest_route=\/wp\/v2\/types\/post"}],"author":[{"embeddable":true,"href":"https:\/\/www.egemtv.com\/index.php?rest_route=\/wp\/v2\/users\/1"}],"replies":[{"embeddable":true,"href":"https:\/\/www.egemtv.com\/index.php?rest_route=%2Fwp%2Fv2%2Fcomments&post=79817"}],"version-history":[{"count":1,"href":"https:\/\/www.egemtv.com\/index.php?rest_route=\/wp\/v2\/posts\/79817\/revisions"}],"predecessor-version":[{"id":79819,"href":"https:\/\/www.egemtv.com\/index.php?rest_route=\/wp\/v2\/posts\/79817\/revisions\/79819"}],"wp:featuredmedia":[{"embeddable":true,"href":"https:\/\/www.egemtv.com\/index.php?rest_route=\/wp\/v2\/media\/79818"}],"wp:attachment":[{"href":"https:\/\/www.egemtv.com\/index.php?rest_route=%2Fwp%2Fv2%2Fmedia&parent=79817"}],"wp:term":[{"taxonomy":"category","embeddable":true,"href":"https:\/\/www.egemtv.com\/index.php?rest_route=%2Fwp%2Fv2%2Fcategories&post=79817"},{"taxonomy":"post_tag","embeddable":true,"href":"https:\/\/www.egemtv.com\/index.php?rest_route=%2Fwp%2Fv2%2Ftags&post=79817"}],"curies":[{"name":"wp","href":"https:\/\/api.w.org\/{rel}","templated":true}]}}