{"id":79784,"date":"2026-01-10T11:54:53","date_gmt":"2026-01-10T08:54:53","guid":{"rendered":"https:\/\/www.egemtv.com\/?p=79784"},"modified":"2026-01-10T11:54:53","modified_gmt":"2026-01-10T08:54:53","slug":"ders-saatinde-ogrencileri-evine-goturen-ogretmene-adli-kontrol","status":"publish","type":"post","link":"https:\/\/www.egemtv.com\/?p=79784","title":{"rendered":"Ders saatinde \u00f6\u011frencileri evine g\u00f6t\u00fcren \u00f6\u011fretmene adli kontrol"},"content":{"rendered":"<p>\u0130zmir\u2019in Bornova il\u00e7esinde bir Mesleki E\u011fitim Merkezi\u2019nde g\u00f6revli kad\u0131n \u00f6\u011fretmenin, 6 k\u0131z \u00f6\u011frencisini ders saatinde kendi evine g\u00f6t\u00fcrerek temizlik i\u015flerinde \u00e7al\u0131\u015ft\u0131rd\u0131\u011f\u0131 iddias\u0131yla ba\u015flat\u0131lan soru\u015fturmada yeni detaylar ortaya \u00e7\u0131kt\u0131. \u2019\u0130nsan ticareti\u2019 su\u00e7lamas\u0131yla g\u00f6zalt\u0131na al\u0131nan \u00f6\u011fretmen, adli kontrol \u015fart\u0131yla serbest b\u0131rak\u0131ld\u0131.<br \/>\n<br \/>Olay, 4 Kas\u0131m 2025 tarihinde Bornova\u2019da bulunan bir Mesleki E\u011fitim Merkezi\u2019nde meydana geldi. \u0130ddiaya g\u00f6re, T\u00fcrk Dili ve Edebiyat\u0131 \u00d6\u011fretmeni D.T., ya\u015flar\u0131 16 olan \u015e.A., E.K., D.D., A.Y., E.N.K. ve N.K. isimli 6 k\u0131z \u00f6\u011frenciyi okul y\u00f6netimi ve velilerin bilgisi d\u0131\u015f\u0131nda ders saatinde okuldan \u00e7\u0131kard\u0131. G\u00fcvenlik kameralar\u0131n\u0131n g\u00f6rmedi\u011fi bir noktadan \u00f6\u011frencileri \u00f6zel arac\u0131na bindirdi\u011fi iddia edilen D.T.\u2019nin, \u00e7ocuklar\u0131 yeni ta\u015f\u0131nd\u0131\u011f\u0131 evine g\u00f6t\u00fcrd\u00fc\u011f\u00fc \u00f6ne s\u00fcr\u00fcld\u00fc.<\/p>\n<p>Valilik a\u00e7\u0131\u011fa ald\u0131, Ba\u015fsavc\u0131l\u0131k soru\u015fturma ba\u015flatt\u0131<br \/>\n<br \/>Olay\u0131n 8 Ocak tarihinde kamuoyuna yans\u0131mas\u0131n\u0131n ard\u0131ndan \u0130zmir Valili\u011fi idari soru\u015fturma ba\u015flatt\u0131. Valilikten yap\u0131lan a\u00e7\u0131klamada, &#8220;Soru\u015fturma kapsam\u0131nda T\u00fcrk Dili ve Edebiyat\u0131 \u00d6\u011fretmeni D.T. g\u00f6revden uzakla\u015ft\u0131r\u0131lm\u0131\u015f, ilgili hakk\u0131nda Cumhuriyet Ba\u015fsavc\u0131l\u0131\u011f\u0131na su\u00e7 duyurusunda bulunulmu\u015ftur&#8221; denildi. Valili\u011fin su\u00e7 duyurusu \u00fczerine \u0130zmir Cumhuriyet Ba\u015fsavc\u0131l\u0131\u011f\u0131 taraf\u0131ndan ba\u015flat\u0131lan adli s\u00fcre\u00e7te, \u00f6\u011fretmen D.T. \u2019insan ticareti\u2019 su\u00e7lamas\u0131yla polis ekiplerince g\u00f6zalt\u0131na al\u0131nd\u0131.<\/p>\n<p>\u2019Evde alkol ve sigara\u2019 iddias\u0131 dosyada<br \/>\n<br \/>Soru\u015fturma dosyas\u0131na giren detaylarda; \u00f6\u011frencilerin g\u00fcn boyu \u00f6\u011fretmenin evinde koli ta\u015f\u0131ma, e\u015fya toplama ve temizlik i\u015flerinde \u00e7al\u0131\u015ft\u0131r\u0131ld\u0131\u011f\u0131 iddia edildi. G\u00fcn sonunda yiyecek veya ula\u015f\u0131m imkan\u0131 sa\u011flanmayan \u00f6\u011frencilerin, Bayrakl\u0131 TOK\u0130 b\u00f6lgesinden \u015eehir Hastanesi istikametine kadar y\u00fcr\u00fcd\u00fckleri ve kendi imkanlar\u0131yla evlerine d\u00f6nd\u00fckleri \u00f6\u011frenildi. Velilerin \u015fikayet dilek\u00e7elerinde, \u00f6\u011frencilerin bulundu\u011fu ortamda alkol \u015fi\u015feleri ve sigaralar\u0131n yer ald\u0131\u011f\u0131 foto\u011fraflar delil olarak sunuldu.<\/p>\n<p>\u015ei\u015felerin suyla dolu oldu\u011funu s\u00f6ylemi\u015f<br \/>\n<br \/>\u015e\u00fcpheli D.T.\u2019nin ifadesinde su\u00e7lamalar\u0131 reddetti\u011fi \u00f6\u011frenildi. 15 ve 16 ya\u015f\u0131ndaki \u00f6\u011frencileri eve g\u00f6t\u00fcrme sebebinin, 12 ya\u015f\u0131ndaki k\u0131z\u0131na ait elbiseleri \u00f6\u011frencilere hediye etmek olarak a\u00e7\u0131klayan D.T., foto\u011fraflarda yer alan alkol \u015fi\u015felerinin ise su ile dolu oldu\u011funu savundu\u011fu \u00f6\u011frenildi. \u00d6te yandan D.T.\u2019nin, okul m\u00fcd\u00fcr\u00fc de dahil olmak \u00fczere pek \u00e7ok meslekta\u015f\u0131yla kar\u015f\u0131l\u0131kl\u0131 yarg\u0131ya intikal etmi\u015f \u015fikayetlerinin bulundu\u011fu tespit edildi.<\/p>\n<p>Adli kontrol \u015fart\u0131yla serbest<br \/>\n<br \/>Emniyetteki i\u015flemlerinin ard\u0131ndan adliyeye sevk edilen \u00f6\u011fretmen D.T., \u00e7\u0131kar\u0131ld\u0131\u011f\u0131 mahkemece yurt d\u0131\u015f\u0131 \u00e7\u0131k\u0131\u015f yasa\u011f\u0131 ve adli kontrol \u015fart\u0131yla serbest b\u0131rak\u0131ld\u0131.<br \/><\/p>\n","protected":false},"excerpt":{"rendered":"<p>\u0130zmir\u2019in Bornova il\u00e7esinde bir Mesleki E\u011fitim Merkezi\u2019nde g\u00f6revli kad\u0131n \u00f6\u011fretmenin, 6 k\u0131z \u00f6\u011frencisini ders saatinde kendi evine g\u00f6t\u00fcrerek temizlik i\u015flerinde \u00e7al\u0131\u015ft\u0131rd\u0131\u011f\u0131 iddias\u0131yla ba\u015flat\u0131lan soru\u015fturmada yeni detaylar ortaya \u00e7\u0131kt\u0131. \u2019\u0130nsan ticareti\u2019 su\u00e7lamas\u0131yla g\u00f6zalt\u0131na al\u0131nan \u00f6\u011fretmen, adli kontrol \u015fart\u0131yla serbest b\u0131rak\u0131ld\u0131. Olay, 4 Kas\u0131m 2025 tarihinde Bornova\u2019da bulunan bir Mesleki E\u011fitim Merkezi\u2019nde meydana geldi. \u0130ddiaya g\u00f6re, T\u00fcrk&#8230;<\/p>\n","protected":false},"author":1,"featured_media":79785,"comment_status":"open","ping_status":"open","sticky":false,"template":"","format":"standard","meta":{"_crdt_document":"","footnotes":""},"categories":[5],"tags":[],"class_list":["post-79784","post","type-post","status-publish","format-standard","has-post-thumbnail","hentry","category-asayis"],"_links":{"self":[{"href":"https:\/\/www.egemtv.com\/index.php?rest_route=\/wp\/v2\/posts\/79784","targetHints":{"allow":["GET"]}}],"collection":[{"href":"https:\/\/www.egemtv.com\/index.php?rest_route=\/wp\/v2\/posts"}],"about":[{"href":"https:\/\/www.egemtv.com\/index.php?rest_route=\/wp\/v2\/types\/post"}],"author":[{"embeddable":true,"href":"https:\/\/www.egemtv.com\/index.php?rest_route=\/wp\/v2\/users\/1"}],"replies":[{"embeddable":true,"href":"https:\/\/www.egemtv.com\/index.php?rest_route=%2Fwp%2Fv2%2Fcomments&post=79784"}],"version-history":[{"count":1,"href":"https:\/\/www.egemtv.com\/index.php?rest_route=\/wp\/v2\/posts\/79784\/revisions"}],"predecessor-version":[{"id":79786,"href":"https:\/\/www.egemtv.com\/index.php?rest_route=\/wp\/v2\/posts\/79784\/revisions\/79786"}],"wp:featuredmedia":[{"embeddable":true,"href":"https:\/\/www.egemtv.com\/index.php?rest_route=\/wp\/v2\/media\/79785"}],"wp:attachment":[{"href":"https:\/\/www.egemtv.com\/index.php?rest_route=%2Fwp%2Fv2%2Fmedia&parent=79784"}],"wp:term":[{"taxonomy":"category","embeddable":true,"href":"https:\/\/www.egemtv.com\/index.php?rest_route=%2Fwp%2Fv2%2Fcategories&post=79784"},{"taxonomy":"post_tag","embeddable":true,"href":"https:\/\/www.egemtv.com\/index.php?rest_route=%2Fwp%2Fv2%2Ftags&post=79784"}],"curies":[{"name":"wp","href":"https:\/\/api.w.org\/{rel}","templated":true}]}}