{"id":79781,"date":"2026-01-10T11:54:52","date_gmt":"2026-01-10T08:54:52","guid":{"rendered":"https:\/\/www.egemtv.com\/?p=79781"},"modified":"2026-01-10T11:54:53","modified_gmt":"2026-01-10T08:54:53","slug":"ak-partili-saygili-turkiye-kuresel-belirsizlikleri-yenen-ekonomik-istikrar-alani-insa-etti","status":"publish","type":"post","link":"https:\/\/www.egemtv.com\/?p=79781","title":{"rendered":"AK Partili Sayg\u0131l\u0131: &#8220;T\u00fcrkiye, k\u00fcresel belirsizlikleri yenen ekonomik istikrar alan\u0131 in\u015fa etti&#8221;"},"content":{"rendered":"<p>AK Parti \u0130zmir \u0130l Ba\u015fkan\u0131 Bilal Sayg\u0131l\u0131, 2025 y\u0131l\u0131 ekonomi verilerini de\u011ferlendirerek T\u00fcrkiye\u2019nin k\u00fcresel zorluklara ra\u011fmen \u00fcretim, ihracat ve turizmde rekorlar k\u0131rd\u0131\u011f\u0131n\u0131, enflasyonda ise kal\u0131c\u0131 d\u00fc\u015f\u00fc\u015f s\u00fcrecine girdi\u011fini belirtti.<br \/>\n<br \/>AK Parti \u0130zmir \u0130l Ba\u015fkan\u0131 Bilal Sayg\u0131l\u0131, 2025 y\u0131l\u0131na ili\u015fkin ekonomik de\u011ferlendirmelerde bulunarak, T\u00fcrkiye ekonomisinin k\u00fcresel belirsizliklere ra\u011fmen istikrar\u0131n\u0131 korudu\u011funu ve g\u00fc\u00e7l\u00fc bir diren\u00e7 ortaya koydu\u011funu ifade etti. M\u00dcS\u0130AD Y\u00fcksek \u0130sti\u015fare Kurulu \u00dcyesi, M\u00dcS\u0130AD \u00f6nceki d\u00f6nem \u0130zmir \u015eube Ba\u015fkan\u0131 ve i\u015f insan\u0131 da olan AK Parti \u0130zmir \u0130l Ba\u015fkan\u0131 Sayg\u0131l\u0131, yapt\u0131\u011f\u0131 yaz\u0131l\u0131 a\u00e7\u0131klamada, 2025 y\u0131l\u0131n\u0131n d\u00fcnya ekonomisi a\u00e7\u0131s\u0131ndan y\u00fcksek faizler, jeopolitik gerilimler, ticaret yollar\u0131ndaki k\u0131r\u0131lmalar ve k\u00fcresel yat\u0131r\u0131mlardaki yava\u015flama ile an\u0131ld\u0131\u011f\u0131n\u0131 hat\u0131rlatarak, &#8220;B\u00f6ylesine zor bir k\u00fcresel tabloda T\u00fcrkiye, b\u00fcy\u00fcmesini s\u00fcrd\u00fcren, \u00fcretim ve ihracat kapasitesini art\u0131ran, enflasyonu kontrol alt\u0131na alma s\u00fcrecine giren ve yat\u0131r\u0131mc\u0131 g\u00fcvenini yeniden in\u015fa eden nadir \u00fclkelerden biri olmu\u015ftur&#8221; dedi.<\/p>\n<p>&#8220;2025, kolay de\u011fil diren\u00e7li b\u00fcy\u00fcmenin y\u0131l\u0131d\u0131r&#8221;<br \/>\n<br \/>T\u00fcrkiye ekonomisinin 2025 y\u0131l\u0131nda \u00e7eyrekler baz\u0131nda b\u00fcy\u00fcmesini s\u00fcrd\u00fcrd\u00fc\u011f\u00fcne dikkat \u00e7eken Bilal Sayg\u0131l\u0131, &#8220;T\u00dc\u0130K verilerine g\u00f6re ekonomimiz y\u0131l\u0131n ikinci \u00e7eyre\u011finde y\u00fczde 4,9, \u00fc\u00e7\u00fcnc\u00fc \u00e7eyre\u011finde ise y\u00fczde 3,7 b\u00fcy\u00fcm\u00fc\u015ft\u00fcr. GSYH\u2019nin cari fiyatlarla 17,4 trilyon TL seviyesine ula\u015fmas\u0131, sadece b\u00fcy\u00fcmeyi de\u011fil, ekonomimizin \u00f6l\u00e7ek olarak da g\u00fc\u00e7lendi\u011fini g\u00f6stermektedir&#8221; ifadelerini kulland\u0131. Bu b\u00fcy\u00fcmenin sanayi, hizmetler ve turizm odakl\u0131 oldu\u011funu vurgulayan Sayg\u0131l\u0131, sanayi \u00fcretimindeki y\u00fczde 6,5\u2019lik art\u0131\u015f\u0131n, b\u00fcy\u00fcmenin ge\u00e7ici t\u00fcketim ivmesine de\u011fil, \u00fcretim temelli bir yap\u0131ya dayand\u0131\u011f\u0131n\u0131 a\u00e7\u0131k\u00e7a ortaya koydu\u011funu belirtti.<\/p>\n<p>&#8220;Enflasyonda y\u00f6n a\u015fa\u011f\u0131 d\u00f6nm\u00fc\u015ft\u00fcr&#8221;<br \/>\n<br \/>2025 y\u0131l\u0131n\u0131n en \u00f6nemli ba\u015fl\u0131klar\u0131ndan birinin dezenflasyon s\u00fcrecinin g\u00f6r\u00fcn\u00fcr hale gelmesi oldu\u011funu ifade eden Sayg\u0131l\u0131, &#8220;Kas\u0131m ay\u0131 itibar\u0131yla y\u0131ll\u0131k enflasyonun y\u00fczde 31 seviyelerine gerilemesi, 2022\u2019de ya\u015fanan y\u00fcksek oranlarla k\u0131yasland\u0131\u011f\u0131nda son derece \u00f6nemlidir. Enflasyon bitmemi\u015ftir ancak art\u0131k kontrol alt\u0131na al\u0131nma patikas\u0131na girmi\u015ftir&#8221; dedi. Merkez Bankas\u0131\u2019n\u0131n \u00f6ng\u00f6r\u00fclebilir ve kararl\u0131 para politikalar\u0131n\u0131n beklentileri olumlu y\u00f6nde etkiledi\u011fini kaydeden Sayg\u0131l\u0131, bunun yat\u0131r\u0131m kararlar\u0131 ve piyasa g\u00fcveni a\u00e7\u0131s\u0131ndan kritik bir e\u015fik oldu\u011funu vurgulad\u0131.<\/p>\n<p>\u0130hracatta tarihi rekor ve turizmde dev gelir<br \/>\n<br \/>D\u0131\u015f ticaret cephesinde 2025\u2019in g\u00fc\u00e7l\u00fc bir y\u0131l oldu\u011funun alt\u0131n\u0131 \u00e7izen Bilal Sayg\u0131l\u0131, T\u00fcrkiye\u2019nin ihracatta 273,4 milyar dolar ile tarihi rekor k\u0131rd\u0131\u011f\u0131n\u0131 hat\u0131rlatarak, &#8220;K\u00fcresel ticaretin yava\u015flad\u0131\u011f\u0131, \u00f6zellikle Avrupa talebinin zay\u0131flad\u0131\u011f\u0131 bir d\u00f6nemde bu rakamlar, T\u00fcrkiye\u2019nin pazar \u00e7e\u015fitlili\u011fi, \u00fcretim kabiliyeti ve esnek tedarik zinciri yap\u0131s\u0131n\u0131n ne kadar g\u00fc\u00e7l\u00fc oldu\u011funu g\u00f6stermektedir. \u0130hracat, b\u00fcy\u00fcmenin en sa\u011flam s\u00fctunlar\u0131ndan biri haline gelmi\u015ftir&#8221; ifadelerini kulland\u0131. Turizm gelirlerinin de 2025 y\u0131l\u0131nda ekonomiye \u00f6nemli katk\u0131 sundu\u011funu belirten Sayg\u0131l\u0131, \u00fc\u00e7\u00fcnc\u00fc \u00e7eyrekte 24 milyar dolar\u0131n \u00fczerinde gelir elde edilmesini ve 23 milyondan fazla ziyaret\u00e7inin a\u011f\u0131rlanmas\u0131n\u0131, turizmin art\u0131k sadece mevsimsel de\u011fil, kal\u0131c\u0131 bir ekonomik denge unsuru haline geldi\u011finin g\u00f6stergesi olarak de\u011ferlendirdi.<\/p>\n<p>Yat\u0131r\u0131mc\u0131 g\u00fcveni ve istihdam dengesi<br \/>\n<br \/>K\u00fcresel do\u011frudan yat\u0131r\u0131mlar\u0131n darald\u0131\u011f\u0131 bir y\u0131lda T\u00fcrkiye\u2019ye gelen yabanc\u0131 yat\u0131r\u0131mlar\u0131n artmas\u0131n\u0131n dikkat \u00e7ekici oldu\u011funu ifade eden Sayg\u0131l\u0131, &#8220;2025\u2019in ilk 9-10 ay\u0131nda 11 milyar dolar\u0131n \u00fczerinde do\u011frudan yat\u0131r\u0131m giri\u015fi, T\u00fcrkiye\u2019nin \u00fcretim g\u00fcc\u00fcne, lojistik avantajlar\u0131na ve b\u00fcy\u00fck i\u00e7 pazar\u0131na duyulan g\u00fcvenin a\u00e7\u0131k g\u00f6stergesidir&#8221; dedi. \u0130\u015fsizlik oran\u0131n\u0131n y\u00fczde 8,6 seviyesinde kalmas\u0131n\u0131n da b\u00fcy\u00fcmenin toplumsal kar\u015f\u0131l\u0131\u011f\u0131n\u0131n oldu\u011funu g\u00f6sterdi\u011fini belirten Bilal Sayg\u0131l\u0131, tek haneli i\u015fsizlik oran\u0131n\u0131n korunmas\u0131n\u0131n uygulanan politikalar\u0131n sahaya yans\u0131d\u0131\u011f\u0131n\u0131 ortaya koydu\u011funu ifade etti.<\/p>\n<p>&#8220;2025 bir sonu\u00e7 de\u011fil, g\u00fc\u00e7l\u00fc bir ba\u015flang\u0131\u00e7t\u0131r&#8221;<br \/>\n<br \/>A\u00e7\u0131klamas\u0131n\u0131n sonunda Cumhurba\u015fkan\u0131 Recep Tayyip Erdo\u011fan\u2019\u0131n liderli\u011finde uygulanan ekonomi politikalar\u0131na dikkat \u00e7eken Bilal Sayg\u0131l\u0131, &#8220;\u00dcretimi \u00f6nceleyen, istihdam\u0131 koruyan, ihracat\u0131 te\u015fvik eden ve mali disiplini esas alan bu politika \u00e7er\u00e7evesi, T\u00fcrkiye\u2019yi k\u0131r\u0131lganl\u0131ktan \u00e7\u0131kararak daha \u00f6ng\u00f6r\u00fclebilir ve diren\u00e7li bir yap\u0131ya kavu\u015fturmu\u015ftur. 2025 y\u0131l\u0131 bir sonu\u00e7 de\u011fil, daha g\u00fc\u00e7l\u00fc bir d\u00f6nemin e\u015fi\u011fidir. T\u00fcrkiye ekonomisi art\u0131k bug\u00fcn\u00fc y\u00f6neten de\u011fil, yar\u0131n\u0131 planlayan ve gelece\u011fini in\u015fa eden bir istikrar alan\u0131 haline gelmi\u015ftir&#8221; dedi.<br \/><\/p>\n","protected":false},"excerpt":{"rendered":"<p>AK Parti \u0130zmir \u0130l Ba\u015fkan\u0131 Bilal Sayg\u0131l\u0131, 2025 y\u0131l\u0131 ekonomi verilerini de\u011ferlendirerek T\u00fcrkiye\u2019nin k\u00fcresel zorluklara ra\u011fmen \u00fcretim, ihracat ve turizmde rekorlar k\u0131rd\u0131\u011f\u0131n\u0131, enflasyonda ise kal\u0131c\u0131 d\u00fc\u015f\u00fc\u015f s\u00fcrecine girdi\u011fini belirtti. AK Parti \u0130zmir \u0130l Ba\u015fkan\u0131 Bilal Sayg\u0131l\u0131, 2025 y\u0131l\u0131na ili\u015fkin ekonomik de\u011ferlendirmelerde bulunarak, T\u00fcrkiye ekonomisinin k\u00fcresel belirsizliklere ra\u011fmen istikrar\u0131n\u0131 korudu\u011funu ve g\u00fc\u00e7l\u00fc bir diren\u00e7 ortaya koydu\u011funu&#8230;<\/p>\n","protected":false},"author":1,"featured_media":79782,"comment_status":"open","ping_status":"open","sticky":false,"template":"","format":"standard","meta":{"_crdt_document":"","footnotes":""},"categories":[127],"tags":[],"class_list":["post-79781","post","type-post","status-publish","format-standard","has-post-thumbnail","hentry","category-siyaset"],"_links":{"self":[{"href":"https:\/\/www.egemtv.com\/index.php?rest_route=\/wp\/v2\/posts\/79781","targetHints":{"allow":["GET"]}}],"collection":[{"href":"https:\/\/www.egemtv.com\/index.php?rest_route=\/wp\/v2\/posts"}],"about":[{"href":"https:\/\/www.egemtv.com\/index.php?rest_route=\/wp\/v2\/types\/post"}],"author":[{"embeddable":true,"href":"https:\/\/www.egemtv.com\/index.php?rest_route=\/wp\/v2\/users\/1"}],"replies":[{"embeddable":true,"href":"https:\/\/www.egemtv.com\/index.php?rest_route=%2Fwp%2Fv2%2Fcomments&post=79781"}],"version-history":[{"count":1,"href":"https:\/\/www.egemtv.com\/index.php?rest_route=\/wp\/v2\/posts\/79781\/revisions"}],"predecessor-version":[{"id":79783,"href":"https:\/\/www.egemtv.com\/index.php?rest_route=\/wp\/v2\/posts\/79781\/revisions\/79783"}],"wp:featuredmedia":[{"embeddable":true,"href":"https:\/\/www.egemtv.com\/index.php?rest_route=\/wp\/v2\/media\/79782"}],"wp:attachment":[{"href":"https:\/\/www.egemtv.com\/index.php?rest_route=%2Fwp%2Fv2%2Fmedia&parent=79781"}],"wp:term":[{"taxonomy":"category","embeddable":true,"href":"https:\/\/www.egemtv.com\/index.php?rest_route=%2Fwp%2Fv2%2Fcategories&post=79781"},{"taxonomy":"post_tag","embeddable":true,"href":"https:\/\/www.egemtv.com\/index.php?rest_route=%2Fwp%2Fv2%2Ftags&post=79781"}],"curies":[{"name":"wp","href":"https:\/\/api.w.org\/{rel}","templated":true}]}}