{"id":79778,"date":"2026-01-10T11:34:59","date_gmt":"2026-01-10T08:34:59","guid":{"rendered":"https:\/\/www.egemtv.com\/?p=79778"},"modified":"2026-01-10T11:35:00","modified_gmt":"2026-01-10T08:35:00","slug":"denizlide-2025-altin-ok-odulu-vali-coskuna-verildi","status":"publish","type":"post","link":"https:\/\/www.egemtv.com\/?p=79778","title":{"rendered":"Denizli\u2019de \u20192025 Alt\u0131n Ok\u2019 \u00f6d\u00fcl\u00fc Vali Co\u015fkun\u2019a verildi"},"content":{"rendered":"<p>1176 Derne\u011fi taraf\u0131ndan Denizli\u2019nin tarihine ve k\u00fclt\u00fcrel miras\u0131na katk\u0131 sunan isimlere verilen \u2019Alt\u0131n Ok\u2019 \u00f6d\u00fcl\u00fc, bu y\u0131l Denizli Valisi \u00d6mer Faruk Co\u015fkun\u2019a verildi.<\/p>\n<p>Denizli\u2019nin tarihi ve k\u00fclt\u00fcrel de\u011ferlerinin ya\u015fat\u0131lmas\u0131na y\u00f6nelik \u00e7al\u0131\u015fmalar\u0131yla dikkat \u00e7eken 1176 Derne\u011fi\u2019nin her y\u0131l geleneksel olarak verdi\u011fi Alt\u0131n Ok \u00d6d\u00fcl\u00fc, bu y\u0131l anlaml\u0131 bir t\u00f6renle sahiplerini buldu. Denizli Diyanet E\u011fitim Merkezi Konferans Salonu\u2019nda d\u00fczenlenen t\u00f6rende, kamu y\u00f6netimi alan\u0131nda Denizli\u2019ye sundu\u011fu katk\u0131lar dolay\u0131s\u0131yla Denizli Valisi \u00d6mer Faruk Co\u015fkun, Alt\u0131n Ok \u00d6d\u00fcl\u00fc\u2019ne lay\u0131k g\u00f6r\u00fcld\u00fc. T\u00f6rende ayr\u0131ca Denizli tarihi ve co\u011frafyas\u0131 \u00fczerine yapt\u0131\u011f\u0131 ara\u015ft\u0131rmalarla tan\u0131nan Co\u011frafya \u00d6\u011fretmeni M\u00fcnir Sayhan, bilim insan\u0131 ve ara\u015ft\u0131rmac\u0131 kimli\u011fiyle \u00f6d\u00fcllendirildi.<\/p>\n<p>Programa Denizli Valisi \u00d6mer Faruk Co\u015fkun, Denizli B\u00fcy\u00fck\u015fehir Belediyesi Ba\u015fkan Vekili Ali Mar\u0131m, \u0130l Emniyet M\u00fcd\u00fcr\u00fc Yavuz Sa\u011fd\u0131\u00e7, akademisyenler, sivil toplum kurulu\u015fu temsilcileri ve \u00e7ok say\u0131da davetli kat\u0131ld\u0131. Yo\u011fun kat\u0131l\u0131mla ger\u00e7ekle\u015fen t\u00f6ren, Denizli\u2019nin tarih bilincine verilen \u00f6nemi bir kez daha g\u00f6zler \u00f6n\u00fcne serdi. \u00d6d\u00fcl takdiminde, \u00d6\u011fretmen M\u00fcnir Sayhan\u2019a \u00f6d\u00fcl\u00fcn\u00fc Denizli B\u00fcy\u00fck\u015fehir Belediyesi Ba\u015fkan Vekili Ali Mar\u0131m ile 1176 Derne\u011fi Sekreteri Prof. Dr. Hasan Kara birlikte verdi. Denizli Valisi \u00d6mer Faruk Co\u015fkun\u2019un \u00f6d\u00fcl\u00fc ise 1176 Derne\u011fi Ba\u015fkan\u0131 Do\u00e7. Dr. \u0130brahim Bal\u0131k taraf\u0131ndan takdim edildi.<\/p>\n<p>\u00d6d\u00fcl\u00fcn\u00fc ald\u0131ktan sonra konu\u015fan Vali \u00d6mer Faruk Co\u015fkun, 1176 Derne\u011fi\u2019nin \u00e7al\u0131\u015fmalar\u0131n\u0131 yak\u0131ndan takip etti\u011fini belirterek, &#8220;Derne\u011fin Denizli\u2019nin tarihi ve k\u00fclt\u00fcrel haf\u0131zas\u0131n\u0131 canl\u0131 tutmaya y\u00f6nelik \u00f6zg\u00fcn ve nitelikli faaliyetleri b\u00fcy\u00fck takdiri hak ediyor. Bu \u00e7al\u0131\u015fmalar, \u015fehrimizin ge\u00e7mi\u015fiyle ba\u011f kurmas\u0131na ve gelecek nesillere g\u00fc\u00e7l\u00fc bir miras b\u0131rak\u0131lmas\u0131na \u00f6nemli katk\u0131 sa\u011fl\u0131yor&#8221; dedi.<\/p>\n<p>T\u00f6ren, \u00f6d\u00fcl takdimlerinin ard\u0131ndan d\u00fczenlenen &#8220;Sel\u00e7uklular, Ha\u00e7l\u0131lar ve Denizli\u2019deki M\u00fccadeleleri&#8221; ba\u015fl\u0131kl\u0131 konferansla devam etti. Moderat\u00f6rl\u00fc\u011f\u00fcn\u00fc Prof. Dr. Hasan Kara\u2019n\u0131n yapt\u0131\u011f\u0131 konferansta, Do\u00e7. Dr. Gencal \u015eenyayla ve Do\u00e7. Dr. \u0130brahim Bal\u0131k konu\u015fmac\u0131 olarak yer ald\u0131. Kat\u0131l\u0131mc\u0131lar\u0131n b\u00fcy\u00fck ilgiyle takip etti\u011fi konferansta, Sel\u00e7uklu d\u00f6neminde Denizli\u2019nin stratejik \u00f6nemi, Ha\u00e7l\u0131 seferlerinin b\u00f6lgeye etkileri ve Anadolu\u2019daki siyasi-militarist m\u00fccadeleler detayl\u0131 \u015fekilde ele al\u0131nd\u0131. Program, hat\u0131ra foto\u011fraflar\u0131n\u0131n \u00e7ekilmesiyle sona ererken, 1176 Derne\u011fi\u2019nin Denizli\u2019nin tarihine \u0131\u015f\u0131k tutan \u00e7al\u0131\u015fmalar\u0131na \u00f6n\u00fcm\u00fczdeki d\u00f6nemde de devam edece\u011fi belirtildi.<br \/><\/p>\n","protected":false},"excerpt":{"rendered":"<p>1176 Derne\u011fi taraf\u0131ndan Denizli\u2019nin tarihine ve k\u00fclt\u00fcrel miras\u0131na katk\u0131 sunan isimlere verilen \u2019Alt\u0131n Ok\u2019 \u00f6d\u00fcl\u00fc, bu y\u0131l Denizli Valisi \u00d6mer Faruk Co\u015fkun\u2019a verildi. Denizli\u2019nin tarihi ve k\u00fclt\u00fcrel de\u011ferlerinin ya\u015fat\u0131lmas\u0131na y\u00f6nelik \u00e7al\u0131\u015fmalar\u0131yla dikkat \u00e7eken 1176 Derne\u011fi\u2019nin her y\u0131l geleneksel olarak verdi\u011fi Alt\u0131n Ok \u00d6d\u00fcl\u00fc, bu y\u0131l anlaml\u0131 bir t\u00f6renle sahiplerini buldu. Denizli Diyanet E\u011fitim Merkezi Konferans&#8230;<\/p>\n","protected":false},"author":1,"featured_media":79779,"comment_status":"open","ping_status":"open","sticky":false,"template":"","format":"standard","meta":{"_crdt_document":"","footnotes":""},"categories":[1],"tags":[],"class_list":["post-79778","post","type-post","status-publish","format-standard","has-post-thumbnail","hentry","category-guncel"],"_links":{"self":[{"href":"https:\/\/www.egemtv.com\/index.php?rest_route=\/wp\/v2\/posts\/79778","targetHints":{"allow":["GET"]}}],"collection":[{"href":"https:\/\/www.egemtv.com\/index.php?rest_route=\/wp\/v2\/posts"}],"about":[{"href":"https:\/\/www.egemtv.com\/index.php?rest_route=\/wp\/v2\/types\/post"}],"author":[{"embeddable":true,"href":"https:\/\/www.egemtv.com\/index.php?rest_route=\/wp\/v2\/users\/1"}],"replies":[{"embeddable":true,"href":"https:\/\/www.egemtv.com\/index.php?rest_route=%2Fwp%2Fv2%2Fcomments&post=79778"}],"version-history":[{"count":1,"href":"https:\/\/www.egemtv.com\/index.php?rest_route=\/wp\/v2\/posts\/79778\/revisions"}],"predecessor-version":[{"id":79780,"href":"https:\/\/www.egemtv.com\/index.php?rest_route=\/wp\/v2\/posts\/79778\/revisions\/79780"}],"wp:featuredmedia":[{"embeddable":true,"href":"https:\/\/www.egemtv.com\/index.php?rest_route=\/wp\/v2\/media\/79779"}],"wp:attachment":[{"href":"https:\/\/www.egemtv.com\/index.php?rest_route=%2Fwp%2Fv2%2Fmedia&parent=79778"}],"wp:term":[{"taxonomy":"category","embeddable":true,"href":"https:\/\/www.egemtv.com\/index.php?rest_route=%2Fwp%2Fv2%2Fcategories&post=79778"},{"taxonomy":"post_tag","embeddable":true,"href":"https:\/\/www.egemtv.com\/index.php?rest_route=%2Fwp%2Fv2%2Ftags&post=79778"}],"curies":[{"name":"wp","href":"https:\/\/api.w.org\/{rel}","templated":true}]}}