{"id":79775,"date":"2026-01-10T11:14:56","date_gmt":"2026-01-10T08:14:56","guid":{"rendered":"https:\/\/www.egemtv.com\/?p=79775"},"modified":"2026-01-10T11:14:57","modified_gmt":"2026-01-10T08:14:57","slug":"masmekte-bahar-donemi-kurs-kayitlari-basliyor","status":"publish","type":"post","link":"https:\/\/www.egemtv.com\/?p=79775","title":{"rendered":"MASMEK\u2019te Bahar D\u00f6nemi kurs kay\u0131tlar\u0131 ba\u015fl\u0131yor"},"content":{"rendered":"<p>Manisa B\u00fcy\u00fck\u015fehir Belediyesi Sanat ve Meslek E\u011fitimi Kurslar\u0131 (MASMEK), 2026-2027 Bahar d\u00f6nemi i\u00e7in kap\u0131lar\u0131n\u0131 a\u00e7\u0131yor. Vatanda\u015flar\u0131n hem mesleki hem de ki\u015fisel geli\u015fimine b\u00fcy\u00fck katk\u0131 sa\u011flayan kurslar i\u00e7in ba\u015fvurular 12 Ocak itibariyle ba\u015fl\u0131yor.<br \/>\n<br \/>Manisal\u0131lar\u0131n ki\u015fisel geli\u015fimine katk\u0131 sa\u011flamay\u0131 s\u00fcrd\u00fcren MASMEK; bir\u00e7ok alanda hizmetlerini s\u00fcrd\u00fcr\u00fcyor. Mesleki geli\u015fimden spora, yabanc\u0131 dilden m\u00fczik enstr\u00fcmanlar\u0131na, el sanatlar\u0131ndan dans ve tiyatroya kadar geni\u015f bir yelpazede sundu\u011fu kurslar ile vatanda\u015flara hizmet vermeye devam ediyor. 12 ya\u015f ve \u00fczeri bireylerin kat\u0131labildi\u011fi enstr\u00fcman kurslar\u0131 ile 15 ya\u015f ve \u00fczeri vatanda\u015flara y\u00f6nelik di\u011fer t\u00fcm kurslar, hobi edinmek isteyen ve mesleki geli\u015fim hedefleyen vatanda\u015flar i\u00e7in \u00f6nemli f\u0131rsatlar sunuyor. Yaln\u0131zca kad\u0131nlara y\u00f6nelik olarak d\u00fczenlenen dans ve spor kurslar\u0131n d\u0131\u015f\u0131ndaki t\u00fcm kurslar, t\u00fcm kursiyerlere a\u00e7\u0131k \u015fekilde planlan\u0131yor.<\/p>\n<p>Dilden spora, m\u00fczikten meslek e\u011fitimine<br \/>\n<br \/>Bahar d\u00f6neminde ba\u015fvuru say\u0131lar\u0131na g\u00f6re a\u00e7\u0131lacak yeni s\u0131n\u0131flarda, \u0130ngilizce, Frans\u0131zca, Korece ve Almanca dil kurslar\u0131n\u0131n yan\u0131 s\u0131ra spor ve dans alan\u0131nda yoga, zumba, cardio fit-step, aerobik, pilates ve halk oyunlar\u0131 kurslar\u0131 yer alacak. M\u00fczik alan\u0131nda ise ba\u011flama, keman, gitar, piyano, \u015fan, ud, ney, klarnet, yan fl\u00fct ve akordeon gibi enstr\u00fcman kurslar\u0131yla kursiyerlere e\u011fitim verilecek.<\/p>\n<p>Kariyer ve hobi bir arada<br \/>\n<br \/>MASMEK, sadece bo\u015f zamanlar\u0131n\u0131 de\u011ferlendirmek isteyenler i\u00e7in de\u011fil, Barista E\u011fitimi ve Protez T\u0131rnak gibi kurslarla yeni bir meslek edinmek isteyenler i\u00e7in de profesyonel bir zemin haz\u0131rl\u0131yor.<br \/><\/p>\n","protected":false},"excerpt":{"rendered":"<p>Manisa B\u00fcy\u00fck\u015fehir Belediyesi Sanat ve Meslek E\u011fitimi Kurslar\u0131 (MASMEK), 2026-2027 Bahar d\u00f6nemi i\u00e7in kap\u0131lar\u0131n\u0131 a\u00e7\u0131yor. Vatanda\u015flar\u0131n hem mesleki hem de ki\u015fisel geli\u015fimine b\u00fcy\u00fck katk\u0131 sa\u011flayan kurslar i\u00e7in ba\u015fvurular 12 Ocak itibariyle ba\u015fl\u0131yor. Manisal\u0131lar\u0131n ki\u015fisel geli\u015fimine katk\u0131 sa\u011flamay\u0131 s\u00fcrd\u00fcren MASMEK; bir\u00e7ok alanda hizmetlerini s\u00fcrd\u00fcr\u00fcyor. Mesleki geli\u015fimden spora, yabanc\u0131 dilden m\u00fczik enstr\u00fcmanlar\u0131na, el sanatlar\u0131ndan dans ve tiyatroya&#8230;<\/p>\n","protected":false},"author":1,"featured_media":79776,"comment_status":"open","ping_status":"open","sticky":false,"template":"","format":"standard","meta":{"_crdt_document":"","footnotes":""},"categories":[1],"tags":[],"class_list":["post-79775","post","type-post","status-publish","format-standard","has-post-thumbnail","hentry","category-guncel"],"_links":{"self":[{"href":"https:\/\/www.egemtv.com\/index.php?rest_route=\/wp\/v2\/posts\/79775","targetHints":{"allow":["GET"]}}],"collection":[{"href":"https:\/\/www.egemtv.com\/index.php?rest_route=\/wp\/v2\/posts"}],"about":[{"href":"https:\/\/www.egemtv.com\/index.php?rest_route=\/wp\/v2\/types\/post"}],"author":[{"embeddable":true,"href":"https:\/\/www.egemtv.com\/index.php?rest_route=\/wp\/v2\/users\/1"}],"replies":[{"embeddable":true,"href":"https:\/\/www.egemtv.com\/index.php?rest_route=%2Fwp%2Fv2%2Fcomments&post=79775"}],"version-history":[{"count":1,"href":"https:\/\/www.egemtv.com\/index.php?rest_route=\/wp\/v2\/posts\/79775\/revisions"}],"predecessor-version":[{"id":79777,"href":"https:\/\/www.egemtv.com\/index.php?rest_route=\/wp\/v2\/posts\/79775\/revisions\/79777"}],"wp:featuredmedia":[{"embeddable":true,"href":"https:\/\/www.egemtv.com\/index.php?rest_route=\/wp\/v2\/media\/79776"}],"wp:attachment":[{"href":"https:\/\/www.egemtv.com\/index.php?rest_route=%2Fwp%2Fv2%2Fmedia&parent=79775"}],"wp:term":[{"taxonomy":"category","embeddable":true,"href":"https:\/\/www.egemtv.com\/index.php?rest_route=%2Fwp%2Fv2%2Fcategories&post=79775"},{"taxonomy":"post_tag","embeddable":true,"href":"https:\/\/www.egemtv.com\/index.php?rest_route=%2Fwp%2Fv2%2Ftags&post=79775"}],"curies":[{"name":"wp","href":"https:\/\/api.w.org\/{rel}","templated":true}]}}