{"id":79337,"date":"2026-01-08T12:55:44","date_gmt":"2026-01-08T09:55:44","guid":{"rendered":"https:\/\/www.egemtv.com\/?p=79337"},"modified":"2026-01-08T12:55:45","modified_gmt":"2026-01-08T09:55:45","slug":"buldanda-agaclar-devrildi-bacalar-uctu","status":"publish","type":"post","link":"https:\/\/www.egemtv.com\/?p=79337","title":{"rendered":"Buldan\u2019da a\u011fa\u00e7lar devrildi, bacalar u\u00e7tu"},"content":{"rendered":"<p>Buldan\u2019da gece saatlerinde etkili olan \u015fiddetli f\u0131rt\u0131na, okul bah\u00e7esindeki a\u011fac\u0131 k\u00f6k\u00fcnden s\u00f6kt\u00fc, bacalar\u0131 u\u00e7urdu ve kopan dallarla ara\u00e7larda maddi hasara yol a\u00e7t\u0131. \u015eans eseri can kayb\u0131 ya\u015fanmad\u0131.<br \/>\n<br \/>Denizli\u2019nin Buldan il\u00e7esinde gece saatlerinde ba\u015flayan \u015fiddetli f\u0131rt\u0131na hayat\u0131 olumsuz etkiledi. Kuvvetli r\u00fczg\u00e2r nedeniyle Ahmet Nadir \u00d6zlen \u0130lkokulu bah\u00e7esinde bulunan servi a\u011fac\u0131 k\u00f6k\u00fcnden s\u00f6k\u00fclerek devrildi. Olay\u0131n gece ya\u015fanmas\u0131 ve \u00e7ocuklar\u0131n okulda olmamas\u0131 herhangi bir faciay\u0131 \u00f6nledi.<br \/>\n<br \/>F\u0131rt\u0131na, Yeni Mahalle ile Cumhuriyet Mahallesi aras\u0131ndaki yol \u00fczerinde bulunan \u00e7am a\u011fa\u00e7lar\u0131n\u0131n dallar\u0131n\u0131 da kopard\u0131. Yola savrulan dallar, park halindeki ve seyir halindeki baz\u0131 ara\u00e7larda maddi hasara neden oldu.<br \/>\n<br \/>D\u00f6rteyl\u00fcl Mahallesi\u2019nde ise bir binan\u0131n bacas\u0131n\u0131n kapa\u011f\u0131 \u015fiddetli r\u00fczg\u00e2r\u0131n etkisiyle yerinden koparak yola savruldu. U\u00e7an baca par\u00e7as\u0131, yolda bulunan ara\u00e7lara zarar verdi.<br \/>\n<br \/>Olaylarda can kayb\u0131 ve yaralanma ya\u015fanmazken, belediye ekipleri b\u00f6lgede temizlik ve g\u00fcvenlik \u00e7al\u0131\u015fmalar\u0131n\u0131 s\u00fcrd\u00fcrd\u00fc. Yetkililer, olumsuz hava \u015fartlar\u0131na kar\u015f\u0131 vatanda\u015flar\u0131 dikkatli olmalar\u0131 konusunda uyard\u0131.<br \/><\/p>\n","protected":false},"excerpt":{"rendered":"<p>Buldan\u2019da gece saatlerinde etkili olan \u015fiddetli f\u0131rt\u0131na, okul bah\u00e7esindeki a\u011fac\u0131 k\u00f6k\u00fcnden s\u00f6kt\u00fc, bacalar\u0131 u\u00e7urdu ve kopan dallarla ara\u00e7larda maddi hasara yol a\u00e7t\u0131. \u015eans eseri can kayb\u0131 ya\u015fanmad\u0131. Denizli\u2019nin Buldan il\u00e7esinde gece saatlerinde ba\u015flayan \u015fiddetli f\u0131rt\u0131na hayat\u0131 olumsuz etkiledi. Kuvvetli r\u00fczg\u00e2r nedeniyle Ahmet Nadir \u00d6zlen \u0130lkokulu bah\u00e7esinde bulunan servi a\u011fac\u0131 k\u00f6k\u00fcnden s\u00f6k\u00fclerek devrildi. Olay\u0131n gece ya\u015fanmas\u0131&#8230;<\/p>\n","protected":false},"author":1,"featured_media":79338,"comment_status":"open","ping_status":"open","sticky":false,"template":"","format":"standard","meta":{"_crdt_document":"","footnotes":""},"categories":[1],"tags":[],"class_list":["post-79337","post","type-post","status-publish","format-standard","has-post-thumbnail","hentry","category-guncel"],"_links":{"self":[{"href":"https:\/\/www.egemtv.com\/index.php?rest_route=\/wp\/v2\/posts\/79337","targetHints":{"allow":["GET"]}}],"collection":[{"href":"https:\/\/www.egemtv.com\/index.php?rest_route=\/wp\/v2\/posts"}],"about":[{"href":"https:\/\/www.egemtv.com\/index.php?rest_route=\/wp\/v2\/types\/post"}],"author":[{"embeddable":true,"href":"https:\/\/www.egemtv.com\/index.php?rest_route=\/wp\/v2\/users\/1"}],"replies":[{"embeddable":true,"href":"https:\/\/www.egemtv.com\/index.php?rest_route=%2Fwp%2Fv2%2Fcomments&post=79337"}],"version-history":[{"count":1,"href":"https:\/\/www.egemtv.com\/index.php?rest_route=\/wp\/v2\/posts\/79337\/revisions"}],"predecessor-version":[{"id":79339,"href":"https:\/\/www.egemtv.com\/index.php?rest_route=\/wp\/v2\/posts\/79337\/revisions\/79339"}],"wp:featuredmedia":[{"embeddable":true,"href":"https:\/\/www.egemtv.com\/index.php?rest_route=\/wp\/v2\/media\/79338"}],"wp:attachment":[{"href":"https:\/\/www.egemtv.com\/index.php?rest_route=%2Fwp%2Fv2%2Fmedia&parent=79337"}],"wp:term":[{"taxonomy":"category","embeddable":true,"href":"https:\/\/www.egemtv.com\/index.php?rest_route=%2Fwp%2Fv2%2Fcategories&post=79337"},{"taxonomy":"post_tag","embeddable":true,"href":"https:\/\/www.egemtv.com\/index.php?rest_route=%2Fwp%2Fv2%2Ftags&post=79337"}],"curies":[{"name":"wp","href":"https:\/\/api.w.org\/{rel}","templated":true}]}}