{"id":79334,"date":"2026-01-08T12:14:49","date_gmt":"2026-01-08T09:14:49","guid":{"rendered":"https:\/\/www.egemtv.com\/?p=79334"},"modified":"2026-01-08T12:14:50","modified_gmt":"2026-01-08T09:14:50","slug":"bozdogan-belediyesi-genc-kizin-yol-istegini-yerine-getirdi","status":"publish","type":"post","link":"https:\/\/www.egemtv.com\/?p=79334","title":{"rendered":"Bozdo\u011fan Belediyesi, gen\u00e7 k\u0131z\u0131n yol iste\u011fini yerine getirdi"},"content":{"rendered":"<p>Ayd\u0131n\u2019\u0131n Bozdo\u011fan il\u00e7esi H\u0131d\u0131rbaba Mahallesi\u2019nde ya\u015fayan 17 ya\u015f\u0131ndaki y\u00fcr\u00fcme engeli bulunan Sinem\u2019in yol talebine kay\u0131ts\u0131z kalmayan Ba\u015fkan Galip \u00d6zel, ekipleri seferber ederek Sinem\u2019in evine giden yolu tamamen g\u00fcvenli hale getirdi.<\/p>\n<p>Bozdo\u011fan Belediye Ba\u015fkan\u0131 Mustafa Galip \u00d6zel, il\u00e7edeki her bir bireyin ya\u015fam kalitesini art\u0131rmak i\u00e7in y\u00fcr\u00fctt\u00fc\u011f\u00fc \u00e7al\u0131\u015fmalara bir yenisini daha ekledi. H\u0131d\u0131rbaba Mahallesi\u2019nde ikamet eden ve bedensel engeli nedeniyle ula\u015f\u0131mda zorluk ya\u015fayan Sinem\u2019in, tekerlekli sandalyesi ile rahat\u00e7a d\u0131\u015far\u0131 \u00e7\u0131kabilme talebi \u00fczerine Bozdo\u011fan Belediyesi Fen \u0130\u015fleri ekipleri an\u0131nda harekete ge\u00e7ti.<\/p>\n<p>K\u0131sa s\u00fcrede yol yap\u0131m\u0131n\u0131 tamamlayan ekipler, Sinem\u2019in evinin \u00f6n\u00fcndeki yolu modern standartlara uygun \u015fekilde yeniden d\u00fczenledi. \u00c7al\u0131\u015fmalar kapsam\u0131nda yolun g\u00fcvenli\u011fini sa\u011flamak amac\u0131yla sa\u011flam bir istinat duvar\u0131 \u00f6r\u00fcl\u00fcrken, yolun zemini Sinem\u2019in tekerlekli sandalyesi ile hi\u00e7bir engele tak\u0131lmadan ilerleyebilece\u011fi \u015fekilde ta\u015flarla d\u00f6\u015fendi.<\/p>\n<p>Ba\u015fkan Galip \u00d6zel: &#8220;As\u0131l mesele g\u00f6n\u00fcllere yol yapmak&#8221;<br \/>\n<br \/>Konuyla ilgili a\u00e7\u0131klama yapan Bozdo\u011fan Belediye Ba\u015fkan\u0131 Galip \u00d6zel, her zaman vatanda\u015f\u0131n yan\u0131nda olduklar\u0131n\u0131 vurgulayarak &#8220;Bizim i\u00e7in belediyecilik sadece ta\u015f d\u00f6\u015femekten ibaret de\u011fildir. Bizim en b\u00fcy\u00fck g\u00f6revimiz, bir evlad\u0131m\u0131z\u0131n y\u00fcz\u00fcndeki g\u00fcl\u00fcmseme i\u00e7in t\u00fcm engelleri ortadan kald\u0131rmakt\u0131r. Sinem k\u0131z\u0131m\u0131z\u0131n talebi bize ula\u015ft\u0131\u011f\u0131 an ekiplerimize talimat\u0131m\u0131z\u0131 verdik. Bug\u00fcn onun g\u00fcvenle d\u0131\u015far\u0131 \u00e7\u0131kabildi\u011fini, y\u00fcz\u00fcn\u00fcn g\u00fcld\u00fc\u011f\u00fcn\u00fc g\u00f6rmek bizim i\u00e7in en b\u00fcy\u00fck m\u00fckafatt\u0131r. Bozdo\u011fan\u2019da sadece yollar yapm\u0131yoruz, hem\u015fehrilerimizin g\u00f6n\u00fcllerine giden k\u00f6pr\u00fcler kuruyoruz&#8221; dedi.<\/p>\n<p>Yolun tamamlanmas\u0131n\u0131n ard\u0131ndan b\u00fcy\u00fck mutluluk ya\u015fayan Sinem ve ailesi, taleplerinin h\u0131zl\u0131 bir \u015fekilde yerine getirilmesinden dolay\u0131 Ba\u015fkan Galip \u00d6zel\u2019e ve belediye ekiplerine te\u015fekk\u00fcrlerini iletti.<br \/><\/p>\n","protected":false},"excerpt":{"rendered":"<p>Ayd\u0131n\u2019\u0131n Bozdo\u011fan il\u00e7esi H\u0131d\u0131rbaba Mahallesi\u2019nde ya\u015fayan 17 ya\u015f\u0131ndaki y\u00fcr\u00fcme engeli bulunan Sinem\u2019in yol talebine kay\u0131ts\u0131z kalmayan Ba\u015fkan Galip \u00d6zel, ekipleri seferber ederek Sinem\u2019in evine giden yolu tamamen g\u00fcvenli hale getirdi. Bozdo\u011fan Belediye Ba\u015fkan\u0131 Mustafa Galip \u00d6zel, il\u00e7edeki her bir bireyin ya\u015fam kalitesini art\u0131rmak i\u00e7in y\u00fcr\u00fctt\u00fc\u011f\u00fc \u00e7al\u0131\u015fmalara bir yenisini daha ekledi. H\u0131d\u0131rbaba Mahallesi\u2019nde ikamet eden ve&#8230;<\/p>\n","protected":false},"author":1,"featured_media":79335,"comment_status":"open","ping_status":"open","sticky":false,"template":"","format":"standard","meta":{"_crdt_document":"","footnotes":""},"categories":[1],"tags":[],"class_list":["post-79334","post","type-post","status-publish","format-standard","has-post-thumbnail","hentry","category-guncel"],"_links":{"self":[{"href":"https:\/\/www.egemtv.com\/index.php?rest_route=\/wp\/v2\/posts\/79334","targetHints":{"allow":["GET"]}}],"collection":[{"href":"https:\/\/www.egemtv.com\/index.php?rest_route=\/wp\/v2\/posts"}],"about":[{"href":"https:\/\/www.egemtv.com\/index.php?rest_route=\/wp\/v2\/types\/post"}],"author":[{"embeddable":true,"href":"https:\/\/www.egemtv.com\/index.php?rest_route=\/wp\/v2\/users\/1"}],"replies":[{"embeddable":true,"href":"https:\/\/www.egemtv.com\/index.php?rest_route=%2Fwp%2Fv2%2Fcomments&post=79334"}],"version-history":[{"count":1,"href":"https:\/\/www.egemtv.com\/index.php?rest_route=\/wp\/v2\/posts\/79334\/revisions"}],"predecessor-version":[{"id":79336,"href":"https:\/\/www.egemtv.com\/index.php?rest_route=\/wp\/v2\/posts\/79334\/revisions\/79336"}],"wp:featuredmedia":[{"embeddable":true,"href":"https:\/\/www.egemtv.com\/index.php?rest_route=\/wp\/v2\/media\/79335"}],"wp:attachment":[{"href":"https:\/\/www.egemtv.com\/index.php?rest_route=%2Fwp%2Fv2%2Fmedia&parent=79334"}],"wp:term":[{"taxonomy":"category","embeddable":true,"href":"https:\/\/www.egemtv.com\/index.php?rest_route=%2Fwp%2Fv2%2Fcategories&post=79334"},{"taxonomy":"post_tag","embeddable":true,"href":"https:\/\/www.egemtv.com\/index.php?rest_route=%2Fwp%2Fv2%2Ftags&post=79334"}],"curies":[{"name":"wp","href":"https:\/\/api.w.org\/{rel}","templated":true}]}}