{"id":79331,"date":"2026-01-08T11:54:56","date_gmt":"2026-01-08T08:54:56","guid":{"rendered":"https:\/\/www.egemtv.com\/?p=79331"},"modified":"2026-01-08T11:54:57","modified_gmt":"2026-01-08T08:54:57","slug":"kaymakam-uguz-sehit-aileleri-turk-milletine-en-buyuk-emanettir","status":"publish","type":"post","link":"https:\/\/www.egemtv.com\/?p=79331","title":{"rendered":"Kaymakam U\u011fuz: &#8220;\u015eehit aileleri T\u00fcrk milletine en b\u00fcy\u00fck emanettir&#8221;"},"content":{"rendered":"<p>Afyonkarahisar\u2019\u0131n Dinar Kaymakam\u0131 Hasan U\u011fuz, \u015fehit ailelerinin T\u00fcrk milletine en b\u00fcy\u00fck emanet oldu\u011funu ifade etti.<br \/>\n<br \/>Kaymakam U\u011fuz, 1994 y\u0131l\u0131nda Tunceli\u2019de \u015fehit olan Jandarma Uzman \u00c7avu\u015f Ali \u0130lhan\u2019\u0131n e\u015fi Firdevs \u0130lhan\u2019\u0131 ziyaret etti.<br \/>\n<br \/>Ger\u00e7ekle\u015ftirilen ziyarette \u015fehidin aziz hat\u0131ras\u0131 yad edilirken, Kaymakam U\u011fuz, \u0130lhan ile bir s\u00fcre sohbet etti.  U\u011fuz, \u015fehit ailelerinin milletin en k\u0131ymetli emanetleri oldu\u011funu vurgulayarak, devletin her zaman \u015fehit ailelerinin yan\u0131nda oldu\u011funu ifade etti.<br \/>\n<br \/>Ziyaret, dualar ve iyi temennilerle sona erdi.<br \/><\/p>\n","protected":false},"excerpt":{"rendered":"<p>Afyonkarahisar\u2019\u0131n Dinar Kaymakam\u0131 Hasan U\u011fuz, \u015fehit ailelerinin T\u00fcrk milletine en b\u00fcy\u00fck emanet oldu\u011funu ifade etti. Kaymakam U\u011fuz, 1994 y\u0131l\u0131nda Tunceli\u2019de \u015fehit olan Jandarma Uzman \u00c7avu\u015f Ali \u0130lhan\u2019\u0131n e\u015fi Firdevs \u0130lhan\u2019\u0131 ziyaret etti. Ger\u00e7ekle\u015ftirilen ziyarette \u015fehidin aziz hat\u0131ras\u0131 yad edilirken, Kaymakam U\u011fuz, \u0130lhan ile bir s\u00fcre sohbet etti. U\u011fuz, \u015fehit ailelerinin milletin en k\u0131ymetli emanetleri oldu\u011funu&#8230;<\/p>\n","protected":false},"author":1,"featured_media":79332,"comment_status":"open","ping_status":"open","sticky":false,"template":"","format":"standard","meta":{"_crdt_document":"","footnotes":""},"categories":[1],"tags":[],"class_list":["post-79331","post","type-post","status-publish","format-standard","has-post-thumbnail","hentry","category-guncel"],"_links":{"self":[{"href":"https:\/\/www.egemtv.com\/index.php?rest_route=\/wp\/v2\/posts\/79331","targetHints":{"allow":["GET"]}}],"collection":[{"href":"https:\/\/www.egemtv.com\/index.php?rest_route=\/wp\/v2\/posts"}],"about":[{"href":"https:\/\/www.egemtv.com\/index.php?rest_route=\/wp\/v2\/types\/post"}],"author":[{"embeddable":true,"href":"https:\/\/www.egemtv.com\/index.php?rest_route=\/wp\/v2\/users\/1"}],"replies":[{"embeddable":true,"href":"https:\/\/www.egemtv.com\/index.php?rest_route=%2Fwp%2Fv2%2Fcomments&post=79331"}],"version-history":[{"count":1,"href":"https:\/\/www.egemtv.com\/index.php?rest_route=\/wp\/v2\/posts\/79331\/revisions"}],"predecessor-version":[{"id":79333,"href":"https:\/\/www.egemtv.com\/index.php?rest_route=\/wp\/v2\/posts\/79331\/revisions\/79333"}],"wp:featuredmedia":[{"embeddable":true,"href":"https:\/\/www.egemtv.com\/index.php?rest_route=\/wp\/v2\/media\/79332"}],"wp:attachment":[{"href":"https:\/\/www.egemtv.com\/index.php?rest_route=%2Fwp%2Fv2%2Fmedia&parent=79331"}],"wp:term":[{"taxonomy":"category","embeddable":true,"href":"https:\/\/www.egemtv.com\/index.php?rest_route=%2Fwp%2Fv2%2Fcategories&post=79331"},{"taxonomy":"post_tag","embeddable":true,"href":"https:\/\/www.egemtv.com\/index.php?rest_route=%2Fwp%2Fv2%2Ftags&post=79331"}],"curies":[{"name":"wp","href":"https:\/\/api.w.org\/{rel}","templated":true}]}}