{"id":79328,"date":"2026-01-08T11:54:56","date_gmt":"2026-01-08T08:54:56","guid":{"rendered":"https:\/\/www.egemtv.com\/?p=79328"},"modified":"2026-01-08T11:54:56","modified_gmt":"2026-01-08T08:54:56","slug":"nazillide-2-aranan-sahis-yakalandi-3","status":"publish","type":"post","link":"https:\/\/www.egemtv.com\/?p=79328","title":{"rendered":"Nazilli\u2019de 2 aranan \u015fah\u0131s yakaland\u0131"},"content":{"rendered":"<p>Ayd\u0131n\u2019\u0131n Nazilli il\u00e7esinde \u00e7e\u015fitli su\u00e7lardan aranan 2 aranan \u015fah\u0131s, jandarma ekiplerince k\u0131sk\u0131vrak yakaland\u0131.<\/p>\n<p>Ayd\u0131n \u0130l Jandarma Komutanl\u0131\u011f\u0131 koordinesinde Nazilli il\u00e7esinde aranan \u015fah\u0131slar\u0131n yakalanmas\u0131na y\u00f6nelik \u00e7al\u0131\u015fma ger\u00e7ekle\u015ftirildi. Edinilen bilgiye g\u00f6re, jandarma ekiplerince \u0130sabeyli Mahallesi\u2019nde yap\u0131lan \u00e7al\u0131\u015fmada Yasak Cihaz ve Program Bulundurmak su\u00e7undan aranan ve hakk\u0131nda 6 y\u0131l 6 ay kesinle\u015fmi\u015f hapis cezas\u0131 bulunan T.T. (42) isimli \u015fah\u0131s, yakaland\u0131. Yine G\u00fczelk\u00f6y Mahallesi\u2019nde icra edilen faaliyet kapsam\u0131nda da Konut Dokunulmazl\u0131\u011f\u0131n\u0131 \u0130hlal Etme ve Bina \u0130\u00e7erisinde Muhafaza Alt\u0131na Al\u0131nm\u0131\u015f E\u015fya Hakk\u0131nda H\u0131rs\u0131zl\u0131k su\u00e7lar\u0131ndan 3 y\u0131ld\u0131r aranan ve hakk\u0131nda 10 y\u0131l 5 ay kesinle\u015fmi\u015f hapis cezas\u0131 bulunan O.Y. (43) isimli \u015fah\u0131s yakaland\u0131. G\u00f6zalt\u0131na al\u0131nan 2 \u015fah\u0131s da gerekli i\u015flemlerinin ard\u0131ndan cezaevine teslim edildi.<br \/><\/p>\n","protected":false},"excerpt":{"rendered":"<p>Ayd\u0131n\u2019\u0131n Nazilli il\u00e7esinde \u00e7e\u015fitli su\u00e7lardan aranan 2 aranan \u015fah\u0131s, jandarma ekiplerince k\u0131sk\u0131vrak yakaland\u0131. Ayd\u0131n \u0130l Jandarma Komutanl\u0131\u011f\u0131 koordinesinde Nazilli il\u00e7esinde aranan \u015fah\u0131slar\u0131n yakalanmas\u0131na y\u00f6nelik \u00e7al\u0131\u015fma ger\u00e7ekle\u015ftirildi. Edinilen bilgiye g\u00f6re, jandarma ekiplerince \u0130sabeyli Mahallesi\u2019nde yap\u0131lan \u00e7al\u0131\u015fmada Yasak Cihaz ve Program Bulundurmak su\u00e7undan aranan ve hakk\u0131nda 6 y\u0131l 6 ay kesinle\u015fmi\u015f hapis cezas\u0131 bulunan T.T. (42) isimli&#8230;<\/p>\n","protected":false},"author":1,"featured_media":79329,"comment_status":"open","ping_status":"open","sticky":false,"template":"","format":"standard","meta":{"_crdt_document":"","footnotes":""},"categories":[5],"tags":[],"class_list":["post-79328","post","type-post","status-publish","format-standard","has-post-thumbnail","hentry","category-asayis"],"_links":{"self":[{"href":"https:\/\/www.egemtv.com\/index.php?rest_route=\/wp\/v2\/posts\/79328","targetHints":{"allow":["GET"]}}],"collection":[{"href":"https:\/\/www.egemtv.com\/index.php?rest_route=\/wp\/v2\/posts"}],"about":[{"href":"https:\/\/www.egemtv.com\/index.php?rest_route=\/wp\/v2\/types\/post"}],"author":[{"embeddable":true,"href":"https:\/\/www.egemtv.com\/index.php?rest_route=\/wp\/v2\/users\/1"}],"replies":[{"embeddable":true,"href":"https:\/\/www.egemtv.com\/index.php?rest_route=%2Fwp%2Fv2%2Fcomments&post=79328"}],"version-history":[{"count":1,"href":"https:\/\/www.egemtv.com\/index.php?rest_route=\/wp\/v2\/posts\/79328\/revisions"}],"predecessor-version":[{"id":79330,"href":"https:\/\/www.egemtv.com\/index.php?rest_route=\/wp\/v2\/posts\/79328\/revisions\/79330"}],"wp:featuredmedia":[{"embeddable":true,"href":"https:\/\/www.egemtv.com\/index.php?rest_route=\/wp\/v2\/media\/79329"}],"wp:attachment":[{"href":"https:\/\/www.egemtv.com\/index.php?rest_route=%2Fwp%2Fv2%2Fmedia&parent=79328"}],"wp:term":[{"taxonomy":"category","embeddable":true,"href":"https:\/\/www.egemtv.com\/index.php?rest_route=%2Fwp%2Fv2%2Fcategories&post=79328"},{"taxonomy":"post_tag","embeddable":true,"href":"https:\/\/www.egemtv.com\/index.php?rest_route=%2Fwp%2Fv2%2Ftags&post=79328"}],"curies":[{"name":"wp","href":"https:\/\/api.w.org\/{rel}","templated":true}]}}