{"id":79325,"date":"2026-01-08T11:54:55","date_gmt":"2026-01-08T08:54:55","guid":{"rendered":"https:\/\/www.egemtv.com\/?p=79325"},"modified":"2026-01-08T11:54:56","modified_gmt":"2026-01-08T08:54:56","slug":"torbalida-gecekondu-yangini-1-olu","status":"publish","type":"post","link":"https:\/\/www.egemtv.com\/?p=79325","title":{"rendered":"Torbal\u0131\u2019da gecekondu yang\u0131n\u0131: 1 \u00f6l\u00fc"},"content":{"rendered":"<p>\u0130zmir\u2019in Torbal\u0131 il\u00e7esinde bir gecekonduda \u00e7\u0131kan yang\u0131n, itfaiye ekiplerinin m\u00fcdahalesi ile s\u00f6nd\u00fcr\u00fcl\u00fcrken, evin i\u00e7erisinde yap\u0131lan kontrolde bir vatanda\u015f \u00f6l\u00fc olarak bulundu.<br \/>\n<br \/>Edinilen bilgilere g\u00f6re yang\u0131n, Torbal\u0131 il\u00e7esine ba\u011fl\u0131 Bozk\u00f6y Mahallesi\u2019nde bir gecekonduda sabaha kar\u015f\u0131 04.30 s\u0131ralar\u0131nda meydana geldi. \u0130hbar \u00fczerine b\u00f6lgeye sevk edilen itfaiye ekiplerinin uzun u\u011fra\u015flar\u0131 sonucu yang\u0131n kontrol alt\u0131na al\u0131nd\u0131. Evin i\u00e7erisinde yap\u0131lan kontrolde, 51 ya\u015f\u0131ndaki Murat \u00d6ncel isimli vatanda\u015f\u0131n cans\u0131z bedeni bulundu. \u0130lk tespitlere g\u00f6re yang\u0131n\u0131n elektrikli soban\u0131n devrilmesi sonucu \u00e7\u0131kt\u0131\u011f\u0131 ifade edildi.<br \/>\n<br \/>Torbal\u0131 Sanayi Sitesi\u2019nde oto do\u011frultmac\u0131 olarak \u00e7al\u0131\u015fan \u00d6ncel\u2019in 2 \u00e7ocuk babas\u0131 oldu\u011fu, e\u015finden bir s\u00fcre \u00f6nce ayr\u0131ld\u0131\u011f\u0131 ve evde tek ba\u015f\u0131na ya\u015fad\u0131\u011f\u0131 \u00f6\u011frenildi.<br \/><\/p>\n","protected":false},"excerpt":{"rendered":"<p>\u0130zmir\u2019in Torbal\u0131 il\u00e7esinde bir gecekonduda \u00e7\u0131kan yang\u0131n, itfaiye ekiplerinin m\u00fcdahalesi ile s\u00f6nd\u00fcr\u00fcl\u00fcrken, evin i\u00e7erisinde yap\u0131lan kontrolde bir vatanda\u015f \u00f6l\u00fc olarak bulundu. Edinilen bilgilere g\u00f6re yang\u0131n, Torbal\u0131 il\u00e7esine ba\u011fl\u0131 Bozk\u00f6y Mahallesi\u2019nde bir gecekonduda sabaha kar\u015f\u0131 04.30 s\u0131ralar\u0131nda meydana geldi. \u0130hbar \u00fczerine b\u00f6lgeye sevk edilen itfaiye ekiplerinin uzun u\u011fra\u015flar\u0131 sonucu yang\u0131n kontrol alt\u0131na al\u0131nd\u0131. Evin i\u00e7erisinde yap\u0131lan&#8230;<\/p>\n","protected":false},"author":1,"featured_media":79326,"comment_status":"open","ping_status":"open","sticky":false,"template":"","format":"standard","meta":{"_crdt_document":"","footnotes":""},"categories":[5],"tags":[],"class_list":["post-79325","post","type-post","status-publish","format-standard","has-post-thumbnail","hentry","category-asayis"],"_links":{"self":[{"href":"https:\/\/www.egemtv.com\/index.php?rest_route=\/wp\/v2\/posts\/79325","targetHints":{"allow":["GET"]}}],"collection":[{"href":"https:\/\/www.egemtv.com\/index.php?rest_route=\/wp\/v2\/posts"}],"about":[{"href":"https:\/\/www.egemtv.com\/index.php?rest_route=\/wp\/v2\/types\/post"}],"author":[{"embeddable":true,"href":"https:\/\/www.egemtv.com\/index.php?rest_route=\/wp\/v2\/users\/1"}],"replies":[{"embeddable":true,"href":"https:\/\/www.egemtv.com\/index.php?rest_route=%2Fwp%2Fv2%2Fcomments&post=79325"}],"version-history":[{"count":1,"href":"https:\/\/www.egemtv.com\/index.php?rest_route=\/wp\/v2\/posts\/79325\/revisions"}],"predecessor-version":[{"id":79327,"href":"https:\/\/www.egemtv.com\/index.php?rest_route=\/wp\/v2\/posts\/79325\/revisions\/79327"}],"wp:featuredmedia":[{"embeddable":true,"href":"https:\/\/www.egemtv.com\/index.php?rest_route=\/wp\/v2\/media\/79326"}],"wp:attachment":[{"href":"https:\/\/www.egemtv.com\/index.php?rest_route=%2Fwp%2Fv2%2Fmedia&parent=79325"}],"wp:term":[{"taxonomy":"category","embeddable":true,"href":"https:\/\/www.egemtv.com\/index.php?rest_route=%2Fwp%2Fv2%2Fcategories&post=79325"},{"taxonomy":"post_tag","embeddable":true,"href":"https:\/\/www.egemtv.com\/index.php?rest_route=%2Fwp%2Fv2%2Ftags&post=79325"}],"curies":[{"name":"wp","href":"https:\/\/api.w.org\/{rel}","templated":true}]}}