{"id":79322,"date":"2026-01-08T11:54:54","date_gmt":"2026-01-08T08:54:54","guid":{"rendered":"https:\/\/www.egemtv.com\/?p=79322"},"modified":"2026-01-08T11:54:55","modified_gmt":"2026-01-08T08:54:55","slug":"dolandiricilik-sucundan-araniyordu-didimde-yakalandi","status":"publish","type":"post","link":"https:\/\/www.egemtv.com\/?p=79322","title":{"rendered":"Doland\u0131r\u0131c\u0131l\u0131k su\u00e7undan aran\u0131yordu, Didim\u2019de yakaland\u0131"},"content":{"rendered":"<p>Ayd\u0131n\u2019\u0131n Didim il\u00e7esinde doland\u0131r\u0131c\u0131l\u0131k su\u00e7undan aranan \u015fah\u0131s k\u0131sk\u0131vrak yakaland\u0131.<\/p>\n<p>Ayd\u0131n genelinde aranan \u015fah\u0131slar\u0131n yakalanmas\u0131na y\u00f6nelik y\u00fcr\u00fct\u00fclen \u00e7al\u0131\u015fmalar s\u00fcr\u00fcyor. Edinilen bilgiye g\u00f6re jandarma ekipleri, doland\u0131r\u0131c\u0131l\u0131k su\u00e7undan 5 y\u0131l kesinle\u015fmi\u015f hapis cezas\u0131yla aranan E.\u015e.\u2019nin (35) Didim\u2019de oldu\u011funu tespit etti. Harekete ge\u00e7en ekipler, \u015fahs\u0131 k\u0131sk\u0131vrak yakalad\u0131. G\u00f6zalt\u0131na al\u0131nan E.\u015e., gerekli i\u015flemlerinin ard\u0131ndan tutuklanarak cezaevine g\u00f6nderildi.<br \/><\/p>\n","protected":false},"excerpt":{"rendered":"<p>Ayd\u0131n\u2019\u0131n Didim il\u00e7esinde doland\u0131r\u0131c\u0131l\u0131k su\u00e7undan aranan \u015fah\u0131s k\u0131sk\u0131vrak yakaland\u0131. Ayd\u0131n genelinde aranan \u015fah\u0131slar\u0131n yakalanmas\u0131na y\u00f6nelik y\u00fcr\u00fct\u00fclen \u00e7al\u0131\u015fmalar s\u00fcr\u00fcyor. Edinilen bilgiye g\u00f6re jandarma ekipleri, doland\u0131r\u0131c\u0131l\u0131k su\u00e7undan 5 y\u0131l kesinle\u015fmi\u015f hapis cezas\u0131yla aranan E.\u015e.\u2019nin (35) Didim\u2019de oldu\u011funu tespit etti. Harekete ge\u00e7en ekipler, \u015fahs\u0131 k\u0131sk\u0131vrak yakalad\u0131. G\u00f6zalt\u0131na al\u0131nan E.\u015e., gerekli i\u015flemlerinin ard\u0131ndan tutuklanarak cezaevine g\u00f6nderildi.<\/p>\n","protected":false},"author":1,"featured_media":79323,"comment_status":"open","ping_status":"open","sticky":false,"template":"","format":"standard","meta":{"_crdt_document":"","footnotes":""},"categories":[5],"tags":[],"class_list":["post-79322","post","type-post","status-publish","format-standard","has-post-thumbnail","hentry","category-asayis"],"_links":{"self":[{"href":"https:\/\/www.egemtv.com\/index.php?rest_route=\/wp\/v2\/posts\/79322","targetHints":{"allow":["GET"]}}],"collection":[{"href":"https:\/\/www.egemtv.com\/index.php?rest_route=\/wp\/v2\/posts"}],"about":[{"href":"https:\/\/www.egemtv.com\/index.php?rest_route=\/wp\/v2\/types\/post"}],"author":[{"embeddable":true,"href":"https:\/\/www.egemtv.com\/index.php?rest_route=\/wp\/v2\/users\/1"}],"replies":[{"embeddable":true,"href":"https:\/\/www.egemtv.com\/index.php?rest_route=%2Fwp%2Fv2%2Fcomments&post=79322"}],"version-history":[{"count":1,"href":"https:\/\/www.egemtv.com\/index.php?rest_route=\/wp\/v2\/posts\/79322\/revisions"}],"predecessor-version":[{"id":79324,"href":"https:\/\/www.egemtv.com\/index.php?rest_route=\/wp\/v2\/posts\/79322\/revisions\/79324"}],"wp:featuredmedia":[{"embeddable":true,"href":"https:\/\/www.egemtv.com\/index.php?rest_route=\/wp\/v2\/media\/79323"}],"wp:attachment":[{"href":"https:\/\/www.egemtv.com\/index.php?rest_route=%2Fwp%2Fv2%2Fmedia&parent=79322"}],"wp:term":[{"taxonomy":"category","embeddable":true,"href":"https:\/\/www.egemtv.com\/index.php?rest_route=%2Fwp%2Fv2%2Fcategories&post=79322"},{"taxonomy":"post_tag","embeddable":true,"href":"https:\/\/www.egemtv.com\/index.php?rest_route=%2Fwp%2Fv2%2Ftags&post=79322"}],"curies":[{"name":"wp","href":"https:\/\/api.w.org\/{rel}","templated":true}]}}