{"id":79316,"date":"2026-01-08T11:15:43","date_gmt":"2026-01-08T08:15:43","guid":{"rendered":"https:\/\/www.egemtv.com\/?p=79316"},"modified":"2026-01-08T11:15:43","modified_gmt":"2026-01-08T08:15:43","slug":"kusadasi-kiyilarinda-arkeolojik-miras-koruma-altina-alindi","status":"publish","type":"post","link":"https:\/\/www.egemtv.com\/?p=79316","title":{"rendered":"Ku\u015fadas\u0131 k\u0131y\u0131lar\u0131nda arkeolojik miras koruma alt\u0131na al\u0131nd\u0131"},"content":{"rendered":"<p>Ku\u015fadas\u0131\u2019nda bulunan Pygela antik kentine ait Otuzbirler Mevkii Nekropol\u00fc, Birinci Derece Arkeolojik Sit Alan\u0131 ilan edilirken, EKODOSD Ba\u015fkan\u0131 Bahattin S\u00fcr\u00fcc\u00fc; &#8220;Pygela, Ku\u015fadas\u0131\u2019n\u0131n en hassas alanlar\u0131ndan biri ve buran\u0131n do\u011fal ve k\u00fclt\u00fcrel peyzaj\u0131n\u0131 gelece\u011fe ta\u015f\u0131mak zorunday\u0131z&#8221; dedi.<\/p>\n<p>Ayd\u0131n K\u00fclt\u00fcr Varl\u0131klar\u0131n\u0131 Koruma B\u00f6lge Kurulu taraf\u0131ndan, Ayd\u0131n\u2019\u0131n Ku\u015fadas\u0131 il\u00e7esi T\u00fcrkmen Mahallesi s\u0131n\u0131rlar\u0131nda yer alan Otuzbirler Mevkii Nekropol\u00fc\u2019n\u00fcn Birinci Derece Arkeolojik Sit Alan\u0131 olarak tescillenmesine karar verildi. Tapulama harici alanda yer alan nekropol alan\u0131nda k\u00fclt\u00fcr varl\u0131\u011f\u0131 \u015ferhi konulamamas\u0131 nedeniyle, 13 Mart 2012 tarihli ve 28232 say\u0131l\u0131 Resmi Gazete\u2019de yay\u0131mlanan Korunmas\u0131 Gerekli Ta\u015f\u0131nmaz K\u00fclt\u00fcr Varl\u0131klar\u0131n\u0131n ve Sitlerin Tespit ve Tescili Hakk\u0131ndaki Y\u00f6netmelik h\u00fck\u00fcmleri do\u011frultusunda, yeni s\u0131n\u0131rland\u0131rma ve parsel ihdas\u0131na gidilmesi gerekti\u011fini belirten Ekosistemi Koruma ve Do\u011fa Sevenler Derne\u011fi (EKODOSD) Ba\u015fkan\u0131 Bahattin S\u00fcr\u00fcc\u00fc, b\u00f6lgenin b\u00fct\u00fcnc\u00fcl olarak korunarak gelece\u011fe ta\u015f\u0131nmas\u0131 gerekti\u011fini vurgulad\u0131.<\/p>\n<p>Adag\u00f6l\u2019\u00fcn hemen arkas\u0131nda bulunan nekropol alan\u0131nda Pygela\u2019ya ait yeni bir k\u00fclt\u00fcr varl\u0131\u011f\u0131n\u0131n ortaya \u00e7\u0131kabilece\u011fini ifade eden S\u00fcr\u00fcc\u00fc; &#8220;Nekropol\u00fcn bulundu\u011fu alan, antik metinlerde bahsedilen Pygale\u2019nin kuzeyinde yer almaktad\u0131r. Strabon\u2019a g\u00f6re Agamemnon taraf\u0131ndan iskan edilen ve i\u00e7inde Artemis Munykhia tap\u0131na\u011f\u0131 bulunan k\u00fc\u00e7\u00fck Pygale kasabas\u0131 geldi\u011fi, kaba etlerine arz olan bir hastal\u0131ktan \u00f6t\u00fcr\u00fc Agamemnon\u2019un askerlerinin bir k\u0131sm\u0131n\u0131n burada kalmas\u0131ndan dolay\u0131 bu uygun ismin buraya verildi\u011fi s\u00f6ylenmi\u015ftir. \u00d6nceki y\u0131llarda alanda y\u00fczey ara\u015ft\u0131rmalar\u0131 ger\u00e7ekle\u015ftiren Ayd\u0131n Adnan Menderes \u00dcniversitesi, \u0130nsan ve Toplum Bilimleri Fak\u00fcltesi, arkeoloji B\u00f6l\u00fcm\u00fc, \u00d6\u011fretim \u00dcyesi Do\u00e7. Dr. Ayd\u0131n Er\u00f6n, yerle\u015fimin bir h\u00f6y\u00fck niteli\u011finde kurulduktan sonra bir liman kenti mant\u0131\u011f\u0131yla kuzeye do\u011fru geni\u015fletilmi\u015f olabilece\u011fi, Roma ve Bizans d\u00f6nemlerinde kentin liman\u0131n do\u011fusunda yer alan alana do\u011fru kayd\u0131\u011f\u0131 buluntu ve kal\u0131nt\u0131lardan anla\u015f\u0131ld\u0131\u011f\u0131 belirtilmi\u015ftir. Adag\u00f6l\u2019\u00fcn hemen arkas\u0131ndaki alanda bulunan nekropolden de anla\u015f\u0131laca\u011f\u0131 gibi, her an bu b\u00f6lgede Pygela\u2019ya ait bir k\u00fclt\u00fcr varl\u0131\u011f\u0131n\u0131n \u00e7\u0131kabilece\u011fi d\u00fc\u015f\u00fcn\u00fclmelidir. Ku\u015fadas\u0131\u2019n\u0131n hassas alanlar\u0131ndan biri olan Pygela\u2019y\u0131 \u00e7evresiyle b\u00fct\u00fcnc\u00fcl olarak de\u011ferlendirerek, do\u011fal ve k\u00fclt\u00fcrel peyzaj\u0131n\u0131n bozulmadan gelece\u011fe ta\u015f\u0131nmas\u0131 gerekir&#8221; dedi.<br \/><\/p>\n","protected":false},"excerpt":{"rendered":"<p>Ku\u015fadas\u0131\u2019nda bulunan Pygela antik kentine ait Otuzbirler Mevkii Nekropol\u00fc, Birinci Derece Arkeolojik Sit Alan\u0131 ilan edilirken, EKODOSD Ba\u015fkan\u0131 Bahattin S\u00fcr\u00fcc\u00fc; &#8220;Pygela, Ku\u015fadas\u0131\u2019n\u0131n en hassas alanlar\u0131ndan biri ve buran\u0131n do\u011fal ve k\u00fclt\u00fcrel peyzaj\u0131n\u0131 gelece\u011fe ta\u015f\u0131mak zorunday\u0131z&#8221; dedi. Ayd\u0131n K\u00fclt\u00fcr Varl\u0131klar\u0131n\u0131 Koruma B\u00f6lge Kurulu taraf\u0131ndan, Ayd\u0131n\u2019\u0131n Ku\u015fadas\u0131 il\u00e7esi T\u00fcrkmen Mahallesi s\u0131n\u0131rlar\u0131nda yer alan Otuzbirler Mevkii Nekropol\u00fc\u2019n\u00fcn Birinci&#8230;<\/p>\n","protected":false},"author":1,"featured_media":79317,"comment_status":"open","ping_status":"open","sticky":false,"template":"","format":"standard","meta":{"_crdt_document":"","footnotes":""},"categories":[1],"tags":[],"class_list":["post-79316","post","type-post","status-publish","format-standard","has-post-thumbnail","hentry","category-guncel"],"_links":{"self":[{"href":"https:\/\/www.egemtv.com\/index.php?rest_route=\/wp\/v2\/posts\/79316","targetHints":{"allow":["GET"]}}],"collection":[{"href":"https:\/\/www.egemtv.com\/index.php?rest_route=\/wp\/v2\/posts"}],"about":[{"href":"https:\/\/www.egemtv.com\/index.php?rest_route=\/wp\/v2\/types\/post"}],"author":[{"embeddable":true,"href":"https:\/\/www.egemtv.com\/index.php?rest_route=\/wp\/v2\/users\/1"}],"replies":[{"embeddable":true,"href":"https:\/\/www.egemtv.com\/index.php?rest_route=%2Fwp%2Fv2%2Fcomments&post=79316"}],"version-history":[{"count":1,"href":"https:\/\/www.egemtv.com\/index.php?rest_route=\/wp\/v2\/posts\/79316\/revisions"}],"predecessor-version":[{"id":79318,"href":"https:\/\/www.egemtv.com\/index.php?rest_route=\/wp\/v2\/posts\/79316\/revisions\/79318"}],"wp:featuredmedia":[{"embeddable":true,"href":"https:\/\/www.egemtv.com\/index.php?rest_route=\/wp\/v2\/media\/79317"}],"wp:attachment":[{"href":"https:\/\/www.egemtv.com\/index.php?rest_route=%2Fwp%2Fv2%2Fmedia&parent=79316"}],"wp:term":[{"taxonomy":"category","embeddable":true,"href":"https:\/\/www.egemtv.com\/index.php?rest_route=%2Fwp%2Fv2%2Fcategories&post=79316"},{"taxonomy":"post_tag","embeddable":true,"href":"https:\/\/www.egemtv.com\/index.php?rest_route=%2Fwp%2Fv2%2Ftags&post=79316"}],"curies":[{"name":"wp","href":"https:\/\/api.w.org\/{rel}","templated":true}]}}