{"id":79313,"date":"2026-01-08T11:15:41","date_gmt":"2026-01-08T08:15:41","guid":{"rendered":"https:\/\/www.egemtv.com\/?p=79313"},"modified":"2026-01-08T11:15:43","modified_gmt":"2026-01-08T08:15:43","slug":"okul-sporlari-kick-boks-musabakalari-germencikte-gerceklestirildi","status":"publish","type":"post","link":"https:\/\/www.egemtv.com\/?p=79313","title":{"rendered":"Okul sporlar\u0131 Kick-Boks m\u00fcsabakalar\u0131 Germencik\u2019te ger\u00e7ekle\u015ftirildi"},"content":{"rendered":"<p>Okul Sporlar\u0131 Faaliyet Program\u0131 kapsam\u0131nda, Ayd\u0131n Gen\u00e7lik ve Spor M\u00fcd\u00fcrl\u00fc\u011f\u00fc koordinesinde Ayd\u0131n\u2019da d\u00fczenlenen K\u00fc\u00e7\u00fckler, Y\u0131ld\u0131zlar, Gen\u00e7ler (A) ve (B) K\u0131zlar-Erkekler Kick-Boks m\u00fcsabakalar\u0131 Germencik Spor Salonu\u2019nda ger\u00e7ekle\u015ftirildi.<\/p>\n<p>M\u00fcsabakalara k\u0131zlar kategorisinde 7, erkekler kategorisinde 15 olmak \u00fczere toplam 22 sporcu kat\u0131l\u0131m sa\u011flad\u0131. B\u00fcy\u00fck \u00e7eki\u015fmeye sahne olan kar\u015f\u0131la\u015fmalarda sporcular, centilmence m\u00fccadele ederek izleyenlere heyecan dolu anlar ya\u015fatt\u0131.<\/p>\n<p>M\u00fcsabakalar sonunda dereceye giren sporcular \u00f6d\u00fcllendirilirken, gruplarda Ayd\u0131n\u2019\u0131 temsil etmeye hak kazanan sporcular da belli oldu. Ayd\u0131n Gen\u00e7lik ve Spor M\u00fcd\u00fcrl\u00fc\u011f\u00fc taraf\u0131ndan dereceye giren sporcular tebrik edilirken, grup m\u00fcsabakalar\u0131nda Ayd\u0131n\u2019\u0131 temsil edecek sporculara ba\u015far\u0131lar dilendi.<br \/><\/p>\n","protected":false},"excerpt":{"rendered":"<p>Okul Sporlar\u0131 Faaliyet Program\u0131 kapsam\u0131nda, Ayd\u0131n Gen\u00e7lik ve Spor M\u00fcd\u00fcrl\u00fc\u011f\u00fc koordinesinde Ayd\u0131n\u2019da d\u00fczenlenen K\u00fc\u00e7\u00fckler, Y\u0131ld\u0131zlar, Gen\u00e7ler (A) ve (B) K\u0131zlar-Erkekler Kick-Boks m\u00fcsabakalar\u0131 Germencik Spor Salonu\u2019nda ger\u00e7ekle\u015ftirildi. M\u00fcsabakalara k\u0131zlar kategorisinde 7, erkekler kategorisinde 15 olmak \u00fczere toplam 22 sporcu kat\u0131l\u0131m sa\u011flad\u0131. B\u00fcy\u00fck \u00e7eki\u015fmeye sahne olan kar\u015f\u0131la\u015fmalarda sporcular, centilmence m\u00fccadele ederek izleyenlere heyecan dolu anlar ya\u015fatt\u0131. M\u00fcsabakalar&#8230;<\/p>\n","protected":false},"author":1,"featured_media":79314,"comment_status":"open","ping_status":"open","sticky":false,"template":"","format":"standard","meta":{"_crdt_document":"","footnotes":""},"categories":[4],"tags":[],"class_list":["post-79313","post","type-post","status-publish","format-standard","has-post-thumbnail","hentry","category-spor"],"_links":{"self":[{"href":"https:\/\/www.egemtv.com\/index.php?rest_route=\/wp\/v2\/posts\/79313","targetHints":{"allow":["GET"]}}],"collection":[{"href":"https:\/\/www.egemtv.com\/index.php?rest_route=\/wp\/v2\/posts"}],"about":[{"href":"https:\/\/www.egemtv.com\/index.php?rest_route=\/wp\/v2\/types\/post"}],"author":[{"embeddable":true,"href":"https:\/\/www.egemtv.com\/index.php?rest_route=\/wp\/v2\/users\/1"}],"replies":[{"embeddable":true,"href":"https:\/\/www.egemtv.com\/index.php?rest_route=%2Fwp%2Fv2%2Fcomments&post=79313"}],"version-history":[{"count":1,"href":"https:\/\/www.egemtv.com\/index.php?rest_route=\/wp\/v2\/posts\/79313\/revisions"}],"predecessor-version":[{"id":79315,"href":"https:\/\/www.egemtv.com\/index.php?rest_route=\/wp\/v2\/posts\/79313\/revisions\/79315"}],"wp:featuredmedia":[{"embeddable":true,"href":"https:\/\/www.egemtv.com\/index.php?rest_route=\/wp\/v2\/media\/79314"}],"wp:attachment":[{"href":"https:\/\/www.egemtv.com\/index.php?rest_route=%2Fwp%2Fv2%2Fmedia&parent=79313"}],"wp:term":[{"taxonomy":"category","embeddable":true,"href":"https:\/\/www.egemtv.com\/index.php?rest_route=%2Fwp%2Fv2%2Fcategories&post=79313"},{"taxonomy":"post_tag","embeddable":true,"href":"https:\/\/www.egemtv.com\/index.php?rest_route=%2Fwp%2Fv2%2Ftags&post=79313"}],"curies":[{"name":"wp","href":"https:\/\/api.w.org\/{rel}","templated":true}]}}