{"id":79310,"date":"2026-01-08T10:54:46","date_gmt":"2026-01-08T07:54:46","guid":{"rendered":"https:\/\/www.egemtv.com\/?p=79310"},"modified":"2026-01-08T10:54:47","modified_gmt":"2026-01-08T07:54:47","slug":"aliaga-fk-tahir-babaoglunu-kadrosuna-katti","status":"publish","type":"post","link":"https:\/\/www.egemtv.com\/?p=79310","title":{"rendered":"Alia\u011fa FK, Tahir Babao\u011flu\u2019nu kadrosuna katt\u0131"},"content":{"rendered":"<p>TFF 2. Lig K\u0131rm\u0131z\u0131 Grup\u2019ta m\u00fccadele eden ve sezonun ilk yar\u0131s\u0131n\u0131 play-off hatt\u0131nda tamamlayan Alia\u011fa FK, Yozgat Belediyesi Bozokspor formas\u0131 giyen tecr\u00fcbeli forvet Tahir Babao\u011flu ile anla\u015ft\u0131 .<br \/>\n<br \/>Sezona Yozgat Belediyesi Bozokspor formas\u0131yla ba\u015flayan 33 ya\u015f\u0131ndaki futbolcu Tahir Babao\u011flu, ligde g\u00f6rev ald\u0131\u011f\u0131 14 kar\u015f\u0131la\u015fmada 15 gol kaydederek dikkat \u00e7ekti. Sar\u0131-siyahl\u0131 ekip, tecr\u00fcbeli forvetle 1.5 y\u0131ll\u0131k s\u00f6zle\u015fme konusunda anla\u015fmaya vard\u0131.<br \/>\n<br \/>Kariyerinde \u00f6nemli ba\u015far\u0131lar bulunan Tahir Babao\u011flu, 2020-2021 sezonunda Kocaelispor ile \u015fampiyonluk ya\u015farken, Sakaryaspor, I\u011fd\u0131r Futbol Kul\u00fcb\u00fc (2 kez) ve Bursaspor ile birlikte \u00fcst \u00fcste 5 \u015fampiyonluk sevinci ya\u015fad\u0131.<br \/>\n<br \/>Alia\u011fa FK\u2019ya transfer oldu\u011fu i\u00e7in mutlu oldu\u011funu belirten Tahir Babao\u011flu, &#8220;Alia\u011fa Futbol Kul\u00fcb\u00fc\u2019n\u00fc yak\u0131ndan takip ediyorum. Futbola yap\u0131lan yat\u0131r\u0131mlar\u0131 biliyorum. \u015eampiyonluk yolunda elimden geleni yaparak burada da mutlu sona ula\u015faca\u011f\u0131m\u0131za inan\u0131yorum&#8221;&#8221; ifadelerini kulland\u0131.<br \/>\n<br \/>Alia\u011fa FK, tecr\u00fcbeli golc\u00fc transferiyle birlikte 1. Lig hedefi do\u011frultusunda kadrosunu g\u00fc\u00e7lendirmeyi s\u00fcrd\u00fcr\u00fcyor.<br \/><\/p>\n","protected":false},"excerpt":{"rendered":"<p>TFF 2. Lig K\u0131rm\u0131z\u0131 Grup\u2019ta m\u00fccadele eden ve sezonun ilk yar\u0131s\u0131n\u0131 play-off hatt\u0131nda tamamlayan Alia\u011fa FK, Yozgat Belediyesi Bozokspor formas\u0131 giyen tecr\u00fcbeli forvet Tahir Babao\u011flu ile anla\u015ft\u0131 . Sezona Yozgat Belediyesi Bozokspor formas\u0131yla ba\u015flayan 33 ya\u015f\u0131ndaki futbolcu Tahir Babao\u011flu, ligde g\u00f6rev ald\u0131\u011f\u0131 14 kar\u015f\u0131la\u015fmada 15 gol kaydederek dikkat \u00e7ekti. Sar\u0131-siyahl\u0131 ekip, tecr\u00fcbeli forvetle 1.5 y\u0131ll\u0131k&#8230;<\/p>\n","protected":false},"author":1,"featured_media":79311,"comment_status":"open","ping_status":"open","sticky":false,"template":"","format":"standard","meta":{"_crdt_document":"","footnotes":""},"categories":[4],"tags":[],"class_list":["post-79310","post","type-post","status-publish","format-standard","has-post-thumbnail","hentry","category-spor"],"_links":{"self":[{"href":"https:\/\/www.egemtv.com\/index.php?rest_route=\/wp\/v2\/posts\/79310","targetHints":{"allow":["GET"]}}],"collection":[{"href":"https:\/\/www.egemtv.com\/index.php?rest_route=\/wp\/v2\/posts"}],"about":[{"href":"https:\/\/www.egemtv.com\/index.php?rest_route=\/wp\/v2\/types\/post"}],"author":[{"embeddable":true,"href":"https:\/\/www.egemtv.com\/index.php?rest_route=\/wp\/v2\/users\/1"}],"replies":[{"embeddable":true,"href":"https:\/\/www.egemtv.com\/index.php?rest_route=%2Fwp%2Fv2%2Fcomments&post=79310"}],"version-history":[{"count":1,"href":"https:\/\/www.egemtv.com\/index.php?rest_route=\/wp\/v2\/posts\/79310\/revisions"}],"predecessor-version":[{"id":79312,"href":"https:\/\/www.egemtv.com\/index.php?rest_route=\/wp\/v2\/posts\/79310\/revisions\/79312"}],"wp:featuredmedia":[{"embeddable":true,"href":"https:\/\/www.egemtv.com\/index.php?rest_route=\/wp\/v2\/media\/79311"}],"wp:attachment":[{"href":"https:\/\/www.egemtv.com\/index.php?rest_route=%2Fwp%2Fv2%2Fmedia&parent=79310"}],"wp:term":[{"taxonomy":"category","embeddable":true,"href":"https:\/\/www.egemtv.com\/index.php?rest_route=%2Fwp%2Fv2%2Fcategories&post=79310"},{"taxonomy":"post_tag","embeddable":true,"href":"https:\/\/www.egemtv.com\/index.php?rest_route=%2Fwp%2Fv2%2Ftags&post=79310"}],"curies":[{"name":"wp","href":"https:\/\/api.w.org\/{rel}","templated":true}]}}