{"id":79307,"date":"2026-01-08T10:34:43","date_gmt":"2026-01-08T07:34:43","guid":{"rendered":"https:\/\/www.egemtv.com\/?p=79307"},"modified":"2026-01-08T10:34:44","modified_gmt":"2026-01-08T07:34:44","slug":"buyuksehirden-kacak-yapi-aciklamasi-aydin-buyuksehir-belediyesi-halkin-guvenligini-tehlikeye-atan-hicbir-uygulamaya-kayitsiz-kalamaz","status":"publish","type":"post","link":"https:\/\/www.egemtv.com\/?p=79307","title":{"rendered":"B\u00fcy\u00fck\u015fehir\u2019den ka\u00e7ak yap\u0131 a\u00e7\u0131klamas\u0131: &#8220;Ayd\u0131n B\u00fcy\u00fck\u015fehir Belediyesi halk\u0131n g\u00fcvenli\u011fini tehlikeye atan hi\u00e7bir uygulamaya kay\u0131ts\u0131z kalamaz&#8221;"},"content":{"rendered":"<p>Ayd\u0131n\u2019\u0131n Ku\u015fadas\u0131 il\u00e7esinde iki belediye ekiplerini kar\u015f\u0131 kar\u015f\u0131ya getiren olay\u0131n ard\u0131ndan Ayd\u0131n B\u00fcy\u00fck\u015fehir Belediyesi\u2019nden yap\u0131lan yaz\u0131l\u0131 a\u00e7\u0131klamada, &#8220;Ayd\u0131n B\u00fcy\u00fck\u015fehir Belediyesi halk\u0131n g\u00fcvenli\u011fini tehlikeye atan hi\u00e7bir uygulamaya kay\u0131ts\u0131z kalamaz&#8221; denildi.<\/p>\n<p>Ayd\u0131n B\u00fcy\u00fck\u015fehir Belediyesi\u2019nden yap\u0131lan a\u00e7\u0131klamada \u015fu ifadelere yer verildi: &#8220;Ayd\u0131n B\u00fcy\u00fck\u015fehir Belediyesi olarak temel sorumlulu\u011fumuz, ilimizin 17 il\u00e7esinde ya\u015fayan t\u00fcm vatanda\u015flar\u0131m\u0131z\u0131n can ve mal g\u00fcvenli\u011fini sa\u011flamak, afetlere kar\u015f\u0131 h\u0131zl\u0131 ve etkin m\u00fcdahale edebilecek altyap\u0131y\u0131 kesintisiz \u015fekilde olu\u015fturmakt\u0131r. Bu kapsamda Ku\u015fadas\u0131 il\u00e7emizin merkezinde, m\u00fclkiyeti B\u00fcy\u00fck\u015fehir Belediyemize ait olan ve yang\u0131nlara en k\u0131sa s\u00fcrede m\u00fcdahale edilebilmesi amac\u0131yla itfaiye ara\u00e7lar\u0131n\u0131n konu\u015fland\u0131r\u0131lmas\u0131 i\u00e7in planlanan Belediyemiz arazisinde, hukuka ve kamu yarar\u0131na a\u00e7\u0131k\u00e7a ayk\u0131r\u0131 bir durumla kar\u015f\u0131 kar\u015f\u0131ya kal\u0131nm\u0131\u015ft\u0131r. S\u00f6z konusu alanda, Ku\u015fadas\u0131 Belediyesi taraf\u0131ndan; hizmetin engellenmesi amac\u0131yla izinsiz ve mevzuata ayk\u0131r\u0131 \u015fekilde ger\u00e7ekle\u015ftirilen ka\u00e7ak yap\u0131la\u015fma, yaln\u0131zca hukuki bir ihlal de\u011fil; ayn\u0131 zamanda Ku\u015fadas\u0131 halk\u0131n\u0131n can g\u00fcvenli\u011fini riske atan son derece sorumsuz bir tutumdur. Ayd\u0131n B\u00fcy\u00fck\u015fehir Belediyesi, halk\u0131n g\u00fcvenli\u011fini tehlikeye atan hi\u00e7bir uygulamaya kay\u0131ts\u0131z kalamaz. Bu nedenle ekiplerimiz taraf\u0131ndan, y\u00fcr\u00fcrl\u00fckteki mevzuat \u00e7er\u00e7evesinde gerekli i\u015flemler yap\u0131lm\u0131\u015f ve Belediyemiz arazisindeki ka\u00e7ak yap\u0131 y\u0131k\u0131larak alan as\u0131l amac\u0131na uygun \u015fekilde korunmu\u015ftur. Bir kez daha a\u00e7\u0131k\u00e7a ifade ediyoruz ki hi\u00e7bir siyasi yakla\u015f\u0131m, hi\u00e7bir ki\u015fisel hesap; vatanda\u015flar\u0131m\u0131z\u0131n can g\u00fcvenli\u011finden daha \u00f6nemli de\u011fildir. \u0130tfaiye hizmeti engellenemez, kamu yarar\u0131 g\u00f6z ard\u0131 edilemez. Ayd\u0131n B\u00fcy\u00fck\u015fehir Belediyesi olarak, bug\u00fcne kadar oldu\u011fu gibi bundan sonra da engellemelere ra\u011fmen, halk\u0131m\u0131z i\u00e7in ve halk\u0131m\u0131zla birlikte \u00e7al\u0131\u015fmaya; Ku\u015fadas\u0131 ba\u015fta olmak \u00fczere t\u00fcm il\u00e7elerimizde hizmet \u00fcretmeye kararl\u0131l\u0131kla devam edece\u011fiz. Kamuoyuna sayg\u0131yla duyurulur&#8221;<br \/><\/p>\n","protected":false},"excerpt":{"rendered":"<p>Ayd\u0131n\u2019\u0131n Ku\u015fadas\u0131 il\u00e7esinde iki belediye ekiplerini kar\u015f\u0131 kar\u015f\u0131ya getiren olay\u0131n ard\u0131ndan Ayd\u0131n B\u00fcy\u00fck\u015fehir Belediyesi\u2019nden yap\u0131lan yaz\u0131l\u0131 a\u00e7\u0131klamada, &#8220;Ayd\u0131n B\u00fcy\u00fck\u015fehir Belediyesi halk\u0131n g\u00fcvenli\u011fini tehlikeye atan hi\u00e7bir uygulamaya kay\u0131ts\u0131z kalamaz&#8221; denildi. Ayd\u0131n B\u00fcy\u00fck\u015fehir Belediyesi\u2019nden yap\u0131lan a\u00e7\u0131klamada \u015fu ifadelere yer verildi: &#8220;Ayd\u0131n B\u00fcy\u00fck\u015fehir Belediyesi olarak temel sorumlulu\u011fumuz, ilimizin 17 il\u00e7esinde ya\u015fayan t\u00fcm vatanda\u015flar\u0131m\u0131z\u0131n can ve mal g\u00fcvenli\u011fini sa\u011flamak,&#8230;<\/p>\n","protected":false},"author":1,"featured_media":79308,"comment_status":"open","ping_status":"open","sticky":false,"template":"","format":"standard","meta":{"_crdt_document":"","footnotes":""},"categories":[1],"tags":[],"class_list":["post-79307","post","type-post","status-publish","format-standard","has-post-thumbnail","hentry","category-guncel"],"_links":{"self":[{"href":"https:\/\/www.egemtv.com\/index.php?rest_route=\/wp\/v2\/posts\/79307","targetHints":{"allow":["GET"]}}],"collection":[{"href":"https:\/\/www.egemtv.com\/index.php?rest_route=\/wp\/v2\/posts"}],"about":[{"href":"https:\/\/www.egemtv.com\/index.php?rest_route=\/wp\/v2\/types\/post"}],"author":[{"embeddable":true,"href":"https:\/\/www.egemtv.com\/index.php?rest_route=\/wp\/v2\/users\/1"}],"replies":[{"embeddable":true,"href":"https:\/\/www.egemtv.com\/index.php?rest_route=%2Fwp%2Fv2%2Fcomments&post=79307"}],"version-history":[{"count":1,"href":"https:\/\/www.egemtv.com\/index.php?rest_route=\/wp\/v2\/posts\/79307\/revisions"}],"predecessor-version":[{"id":79309,"href":"https:\/\/www.egemtv.com\/index.php?rest_route=\/wp\/v2\/posts\/79307\/revisions\/79309"}],"wp:featuredmedia":[{"embeddable":true,"href":"https:\/\/www.egemtv.com\/index.php?rest_route=\/wp\/v2\/media\/79308"}],"wp:attachment":[{"href":"https:\/\/www.egemtv.com\/index.php?rest_route=%2Fwp%2Fv2%2Fmedia&parent=79307"}],"wp:term":[{"taxonomy":"category","embeddable":true,"href":"https:\/\/www.egemtv.com\/index.php?rest_route=%2Fwp%2Fv2%2Fcategories&post=79307"},{"taxonomy":"post_tag","embeddable":true,"href":"https:\/\/www.egemtv.com\/index.php?rest_route=%2Fwp%2Fv2%2Ftags&post=79307"}],"curies":[{"name":"wp","href":"https:\/\/api.w.org\/{rel}","templated":true}]}}