{"id":79301,"date":"2026-01-08T10:14:52","date_gmt":"2026-01-08T07:14:52","guid":{"rendered":"https:\/\/www.egemtv.com\/?p=79301"},"modified":"2026-01-08T10:14:52","modified_gmt":"2026-01-08T07:14:52","slug":"adu-akademik-basarilarini-artiriyor","status":"publish","type":"post","link":"https:\/\/www.egemtv.com\/?p=79301","title":{"rendered":"AD\u00dc akademik ba\u015far\u0131lar\u0131n\u0131 art\u0131r\u0131yor"},"content":{"rendered":"<p>Ayd\u0131n Adnan Menderes \u00dcniversitesi (AD\u00dc) Ku\u015fadas\u0131 Davutlar Meslek Y\u00fcksekokulu b\u00fcnyesinde yer alan A\u015f\u00e7\u0131l\u0131k Program\u0131 akredite olmaya hak kazanarak \u00f6nemli bir akademik ba\u015far\u0131ya imza att\u0131.<\/p>\n<p>Akademik ba\u015far\u0131lar\u0131na her g\u00fcn bir yenisini eklemeye devam eden Ayd\u0131n Adnan Menderes \u00dcniversitesi, \u00e7al\u0131\u015fmalar\u0131na devam ediyor. Bu kapsamda Ku\u015fadas\u0131 Davutlar Meslek Y\u00fcksekokulu b\u00fcnyesinde yer alan A\u015f\u00e7\u0131l\u0131k Program\u0131 da s\u00fcre\u00e7lerini ba\u015far\u0131yla tamamlayarak akredite olmaya hak kazand\u0131. Meslek Y\u00fcksekokulu\u2019nun akademik ba\u015far\u0131s\u0131n\u0131n ard\u0131ndan te\u015fekk\u00fcr belge takdim t\u00f6reni ger\u00e7ekle\u015ftirildi. AD\u00dc Rekt\u00f6r\u00fc Prof. Dr. B\u00fclent Kent\u2019in kat\u0131l\u0131m\u0131yla ger\u00e7ekle\u015ftirilen t\u00f6rende, s\u00fcrece katk\u0131 sunan akademik ve idari personel ile \u00f6\u011frencilere te\u015fekk\u00fcr belgeleri takdim edildi.<\/p>\n<p>Programda, akreditasyonun yaln\u0131zca bir kalite belgesi olman\u0131n \u00f6tesinde, kurumsal geli\u015fim, s\u00fcrekli iyile\u015ftirme ve s\u00fcrd\u00fcr\u00fclebilir e\u011fitim anlay\u0131\u015f\u0131 a\u00e7\u0131s\u0131ndan stratejik bir kazan\u0131m oldu\u011funu vurgulayan AD\u00dc\u2019den yap\u0131lan a\u00e7\u0131klamada &#8220;E\u011fitim kalitesinin ulusal standartlar \u00e7er\u00e7evesinde g\u00fcvence alt\u0131na al\u0131nd\u0131\u011f\u0131n\u0131 belgeleyen bu s\u00fcre\u00e7, program\u0131n nitelikli e\u011fitim anlay\u0131\u015f\u0131n\u0131n somut bir g\u00f6stergesi oldu. Bu akreditasyon yaln\u0131zca bir kalite belgesi olman\u0131n \u00f6tesinde, kurumsal geli\u015fim, s\u00fcrekli iyile\u015ftirme ve s\u00fcrd\u00fcr\u00fclebilir e\u011fitim anlay\u0131\u015f\u0131 a\u00e7\u0131s\u0131ndan stratejik bir kazan\u0131m. S\u00fcrece emek veren t\u00fcm akademik ve idari payda\u015flara te\u015fekk\u00fcr ederiz. A\u015f\u00e7\u0131l\u0131k Program\u0131n\u0131n elde etti\u011fi bu ba\u015far\u0131n\u0131n \u00fcniversitemizin e\u011fitim \u00f6\u011fretim vizyonuna ve akademik itibar\u0131na \u00f6nemli katk\u0131lar sunacakt\u0131r&#8221; ifadeleri yer ald\u0131.<br \/><\/p>\n","protected":false},"excerpt":{"rendered":"<p>Ayd\u0131n Adnan Menderes \u00dcniversitesi (AD\u00dc) Ku\u015fadas\u0131 Davutlar Meslek Y\u00fcksekokulu b\u00fcnyesinde yer alan A\u015f\u00e7\u0131l\u0131k Program\u0131 akredite olmaya hak kazanarak \u00f6nemli bir akademik ba\u015far\u0131ya imza att\u0131. Akademik ba\u015far\u0131lar\u0131na her g\u00fcn bir yenisini eklemeye devam eden Ayd\u0131n Adnan Menderes \u00dcniversitesi, \u00e7al\u0131\u015fmalar\u0131na devam ediyor. Bu kapsamda Ku\u015fadas\u0131 Davutlar Meslek Y\u00fcksekokulu b\u00fcnyesinde yer alan A\u015f\u00e7\u0131l\u0131k Program\u0131 da s\u00fcre\u00e7lerini ba\u015far\u0131yla tamamlayarak&#8230;<\/p>\n","protected":false},"author":1,"featured_media":79302,"comment_status":"open","ping_status":"open","sticky":false,"template":"","format":"standard","meta":{"_crdt_document":"","footnotes":""},"categories":[1],"tags":[],"class_list":["post-79301","post","type-post","status-publish","format-standard","has-post-thumbnail","hentry","category-guncel"],"_links":{"self":[{"href":"https:\/\/www.egemtv.com\/index.php?rest_route=\/wp\/v2\/posts\/79301","targetHints":{"allow":["GET"]}}],"collection":[{"href":"https:\/\/www.egemtv.com\/index.php?rest_route=\/wp\/v2\/posts"}],"about":[{"href":"https:\/\/www.egemtv.com\/index.php?rest_route=\/wp\/v2\/types\/post"}],"author":[{"embeddable":true,"href":"https:\/\/www.egemtv.com\/index.php?rest_route=\/wp\/v2\/users\/1"}],"replies":[{"embeddable":true,"href":"https:\/\/www.egemtv.com\/index.php?rest_route=%2Fwp%2Fv2%2Fcomments&post=79301"}],"version-history":[{"count":1,"href":"https:\/\/www.egemtv.com\/index.php?rest_route=\/wp\/v2\/posts\/79301\/revisions"}],"predecessor-version":[{"id":79303,"href":"https:\/\/www.egemtv.com\/index.php?rest_route=\/wp\/v2\/posts\/79301\/revisions\/79303"}],"wp:featuredmedia":[{"embeddable":true,"href":"https:\/\/www.egemtv.com\/index.php?rest_route=\/wp\/v2\/media\/79302"}],"wp:attachment":[{"href":"https:\/\/www.egemtv.com\/index.php?rest_route=%2Fwp%2Fv2%2Fmedia&parent=79301"}],"wp:term":[{"taxonomy":"category","embeddable":true,"href":"https:\/\/www.egemtv.com\/index.php?rest_route=%2Fwp%2Fv2%2Fcategories&post=79301"},{"taxonomy":"post_tag","embeddable":true,"href":"https:\/\/www.egemtv.com\/index.php?rest_route=%2Fwp%2Fv2%2Ftags&post=79301"}],"curies":[{"name":"wp","href":"https:\/\/api.w.org\/{rel}","templated":true}]}}