{"id":79298,"date":"2026-01-08T10:14:51","date_gmt":"2026-01-08T07:14:51","guid":{"rendered":"https:\/\/www.egemtv.com\/?p=79298"},"modified":"2026-01-08T10:14:51","modified_gmt":"2026-01-08T07:14:51","slug":"sehit-polis-islakca-sehadetinin-yil-donumunde-anildi","status":"publish","type":"post","link":"https:\/\/www.egemtv.com\/?p=79298","title":{"rendered":"\u015eehit Polis I\u015flak\u00e7a \u015fehadetinin y\u0131l d\u00f6n\u00fcm\u00fcnde an\u0131ld\u0131"},"content":{"rendered":"<p>Batman\u2019da \u00e7ar\u015f\u0131 i\u00e7erisinde ter\u00f6r \u00f6rg\u00fctleri taraf\u0131ndan d\u00fczenlenen hain sald\u0131r\u0131 sonucu 6 Ocak 1992 tarihinde \u015fehit olan Polis Memuru Ahmet I\u015flak\u00e7a, \u015fehadetinin y\u0131l d\u00f6n\u00fcm\u00fcnde Ayd\u0131n\u2019\u0131n Karacasu il\u00e7esine ba\u011fl\u0131 Yol\u00fcst\u00fc Mahallesi\u2019nde bulunan kabri ba\u015f\u0131nda dualarla an\u0131ld\u0131.<\/p>\n<p>Karacasu Kaymakaml\u0131\u011f\u0131 taraf\u0131ndan d\u00fczenlenen anma program\u0131nda, \u015fehit Ahmet I\u015flak\u00e7a i\u00e7in Kur\u2019an-\u0131 Kerim okunarak dualar edildi. Programa protokol \u00fcyeleri, \u015fehidin yak\u0131nlar\u0131 ve vatanda\u015flar kat\u0131ld\u0131. Anma t\u00f6reninde, vatan\u0131n b\u00f6l\u00fcnmez b\u00fct\u00fcnl\u00fc\u011f\u00fc ve milletin huzuru i\u00e7in can\u0131n\u0131 feda eden aziz \u015fehitler rahmet ve minnetle yad edilirken, \u015fehit Ahmet I\u015flak\u00e7a\u2019n\u0131n hat\u0131ras\u0131n\u0131n daima ya\u015fat\u0131laca\u011f\u0131 vurguland\u0131.<br \/><\/p>\n","protected":false},"excerpt":{"rendered":"<p>Batman\u2019da \u00e7ar\u015f\u0131 i\u00e7erisinde ter\u00f6r \u00f6rg\u00fctleri taraf\u0131ndan d\u00fczenlenen hain sald\u0131r\u0131 sonucu 6 Ocak 1992 tarihinde \u015fehit olan Polis Memuru Ahmet I\u015flak\u00e7a, \u015fehadetinin y\u0131l d\u00f6n\u00fcm\u00fcnde Ayd\u0131n\u2019\u0131n Karacasu il\u00e7esine ba\u011fl\u0131 Yol\u00fcst\u00fc Mahallesi\u2019nde bulunan kabri ba\u015f\u0131nda dualarla an\u0131ld\u0131. Karacasu Kaymakaml\u0131\u011f\u0131 taraf\u0131ndan d\u00fczenlenen anma program\u0131nda, \u015fehit Ahmet I\u015flak\u00e7a i\u00e7in Kur\u2019an-\u0131 Kerim okunarak dualar edildi. Programa protokol \u00fcyeleri, \u015fehidin yak\u0131nlar\u0131 ve&#8230;<\/p>\n","protected":false},"author":1,"featured_media":79299,"comment_status":"open","ping_status":"open","sticky":false,"template":"","format":"standard","meta":{"_crdt_document":"","footnotes":""},"categories":[1],"tags":[],"class_list":["post-79298","post","type-post","status-publish","format-standard","has-post-thumbnail","hentry","category-guncel"],"_links":{"self":[{"href":"https:\/\/www.egemtv.com\/index.php?rest_route=\/wp\/v2\/posts\/79298","targetHints":{"allow":["GET"]}}],"collection":[{"href":"https:\/\/www.egemtv.com\/index.php?rest_route=\/wp\/v2\/posts"}],"about":[{"href":"https:\/\/www.egemtv.com\/index.php?rest_route=\/wp\/v2\/types\/post"}],"author":[{"embeddable":true,"href":"https:\/\/www.egemtv.com\/index.php?rest_route=\/wp\/v2\/users\/1"}],"replies":[{"embeddable":true,"href":"https:\/\/www.egemtv.com\/index.php?rest_route=%2Fwp%2Fv2%2Fcomments&post=79298"}],"version-history":[{"count":1,"href":"https:\/\/www.egemtv.com\/index.php?rest_route=\/wp\/v2\/posts\/79298\/revisions"}],"predecessor-version":[{"id":79300,"href":"https:\/\/www.egemtv.com\/index.php?rest_route=\/wp\/v2\/posts\/79298\/revisions\/79300"}],"wp:featuredmedia":[{"embeddable":true,"href":"https:\/\/www.egemtv.com\/index.php?rest_route=\/wp\/v2\/media\/79299"}],"wp:attachment":[{"href":"https:\/\/www.egemtv.com\/index.php?rest_route=%2Fwp%2Fv2%2Fmedia&parent=79298"}],"wp:term":[{"taxonomy":"category","embeddable":true,"href":"https:\/\/www.egemtv.com\/index.php?rest_route=%2Fwp%2Fv2%2Fcategories&post=79298"},{"taxonomy":"post_tag","embeddable":true,"href":"https:\/\/www.egemtv.com\/index.php?rest_route=%2Fwp%2Fv2%2Ftags&post=79298"}],"curies":[{"name":"wp","href":"https:\/\/api.w.org\/{rel}","templated":true}]}}