{"id":79295,"date":"2026-01-08T09:54:58","date_gmt":"2026-01-08T06:54:58","guid":{"rendered":"https:\/\/www.egemtv.com\/?p=79295"},"modified":"2026-01-08T09:54:59","modified_gmt":"2026-01-08T06:54:59","slug":"kaymakam-yildiz-ogrencilerle-ders-isledi","status":"publish","type":"post","link":"https:\/\/www.egemtv.com\/?p=79295","title":{"rendered":"Kaymakam Y\u0131ld\u0131z, \u00f6\u011frencilerle ders i\u015fledi"},"content":{"rendered":"<p>Manisa\u2019n\u0131n Selendi Kaymakam\u0131 M\u00fccahit Enes Y\u0131ld\u0131z, k\u0131rsal \u00c7aml\u0131ca Mahallesi\u2019nde bulunan ilk\u00f6\u011fretim okulunu ziyaret ederek \u00f6\u011frencilerle bir araya geldi. Kaymakam Y\u0131ld\u0131z, s\u0131n\u0131fta \u00f6\u011frencilerle birlikte ders i\u015fleyerek okul y\u0131llar\u0131n\u0131 hat\u0131rlad\u0131.<br \/>\n<br \/>Mahalle ziyaretleri kapsam\u0131nda \u00c7aml\u0131ca \u0130lk\u00f6\u011fretim Okulu\u2019nu ziyaret eden Selendi Kaymakam\u0131 M\u00fccahit Enes Y\u0131ld\u0131z, s\u0131n\u0131flar\u0131 dola\u015farak ders g\u00f6ren \u00f6\u011frencilerle sohbet etti. \u00d6\u011frencilerle birlikte ders i\u015fleyen Kaymakam Y\u0131ld\u0131z, &#8220;Ben de sizler gibi bu s\u0131ralarda ders g\u00f6rd\u00fcm, bu s\u0131ralarda oturdum. \u0130n\u015fallah sizler de bir g\u00fcn okulunuzu ba\u015far\u0131yla tamamlayarak memleketimize hizmet edeceksiniz. Yeter ki derslerinize \u00e7al\u0131\u015f\u0131n ve ba\u015far\u0131l\u0131 olun&#8221; dedi.<br \/>\n<br \/>\u00d6\u011frencilerle yak\u0131ndan ilgilenen Kaymakam Y\u0131ld\u0131z, \u00f6\u011frencilerin hedefleri ve hayalleri hakk\u0131nda da isti\u015farelerde bulundu. \u00d6\u011frenciler ise kendileriyle birlikte ders yapan \u0130l\u00e7e Kaymakam\u0131 Y\u0131ld\u0131z\u2019a te\u015fekk\u00fcr etti.<br \/>\n<br \/>Kaymakam Y\u0131ld\u0131z, okul ziyaretinin ard\u0131ndan \u00c7aml\u0131ca, Kur\u015funlu ve Turp\u00e7u mahallelerini ziyaret ederek vatanda\u015flarla bir araya geldi. Ziyaretlerde vatanda\u015flar\u0131n talep ve sorunlar\u0131n\u0131 dinleyen Kaymakam Y\u0131ld\u0131z\u2019a, \u0130l\u00e7e M\u00fcft\u00fcs\u00fc Dervi\u015f Makas, \u0130l\u00e7e Jandarma Komutan\u0131 Yunus Emre Kurt ve \u0130l\u00e7e Sosyal Yard\u0131mla\u015fma ve Dayan\u0131\u015fma Vakf\u0131 M\u00fcd\u00fcr\u00fc \u00c7a\u011flar Y\u0131lmaz e\u015flik etti.<br \/><\/p>\n","protected":false},"excerpt":{"rendered":"<p>Manisa\u2019n\u0131n Selendi Kaymakam\u0131 M\u00fccahit Enes Y\u0131ld\u0131z, k\u0131rsal \u00c7aml\u0131ca Mahallesi\u2019nde bulunan ilk\u00f6\u011fretim okulunu ziyaret ederek \u00f6\u011frencilerle bir araya geldi. Kaymakam Y\u0131ld\u0131z, s\u0131n\u0131fta \u00f6\u011frencilerle birlikte ders i\u015fleyerek okul y\u0131llar\u0131n\u0131 hat\u0131rlad\u0131. Mahalle ziyaretleri kapsam\u0131nda \u00c7aml\u0131ca \u0130lk\u00f6\u011fretim Okulu\u2019nu ziyaret eden Selendi Kaymakam\u0131 M\u00fccahit Enes Y\u0131ld\u0131z, s\u0131n\u0131flar\u0131 dola\u015farak ders g\u00f6ren \u00f6\u011frencilerle sohbet etti. \u00d6\u011frencilerle birlikte ders i\u015fleyen Kaymakam Y\u0131ld\u0131z, &#8220;Ben&#8230;<\/p>\n","protected":false},"author":1,"featured_media":79296,"comment_status":"open","ping_status":"open","sticky":false,"template":"","format":"standard","meta":{"_crdt_document":"","footnotes":""},"categories":[1],"tags":[],"class_list":["post-79295","post","type-post","status-publish","format-standard","has-post-thumbnail","hentry","category-guncel"],"_links":{"self":[{"href":"https:\/\/www.egemtv.com\/index.php?rest_route=\/wp\/v2\/posts\/79295","targetHints":{"allow":["GET"]}}],"collection":[{"href":"https:\/\/www.egemtv.com\/index.php?rest_route=\/wp\/v2\/posts"}],"about":[{"href":"https:\/\/www.egemtv.com\/index.php?rest_route=\/wp\/v2\/types\/post"}],"author":[{"embeddable":true,"href":"https:\/\/www.egemtv.com\/index.php?rest_route=\/wp\/v2\/users\/1"}],"replies":[{"embeddable":true,"href":"https:\/\/www.egemtv.com\/index.php?rest_route=%2Fwp%2Fv2%2Fcomments&post=79295"}],"version-history":[{"count":1,"href":"https:\/\/www.egemtv.com\/index.php?rest_route=\/wp\/v2\/posts\/79295\/revisions"}],"predecessor-version":[{"id":79297,"href":"https:\/\/www.egemtv.com\/index.php?rest_route=\/wp\/v2\/posts\/79295\/revisions\/79297"}],"wp:featuredmedia":[{"embeddable":true,"href":"https:\/\/www.egemtv.com\/index.php?rest_route=\/wp\/v2\/media\/79296"}],"wp:attachment":[{"href":"https:\/\/www.egemtv.com\/index.php?rest_route=%2Fwp%2Fv2%2Fmedia&parent=79295"}],"wp:term":[{"taxonomy":"category","embeddable":true,"href":"https:\/\/www.egemtv.com\/index.php?rest_route=%2Fwp%2Fv2%2Fcategories&post=79295"},{"taxonomy":"post_tag","embeddable":true,"href":"https:\/\/www.egemtv.com\/index.php?rest_route=%2Fwp%2Fv2%2Ftags&post=79295"}],"curies":[{"name":"wp","href":"https:\/\/api.w.org\/{rel}","templated":true}]}}