{"id":79292,"date":"2026-01-08T09:54:57","date_gmt":"2026-01-08T06:54:57","guid":{"rendered":"https:\/\/www.egemtv.com\/?p=79292"},"modified":"2026-01-08T09:54:58","modified_gmt":"2026-01-08T06:54:58","slug":"alkol-masasinda-tartisma-kanli-bitti-1-olu-2-agir-yarali","status":"publish","type":"post","link":"https:\/\/www.egemtv.com\/?p=79292","title":{"rendered":"Alkol masas\u0131nda tart\u0131\u015fma kanl\u0131 bitti: 1 \u00f6l\u00fc 2 a\u011f\u0131r yaral\u0131"},"content":{"rendered":"<p>Manisa\u2019n\u0131n Akhisar il\u00e7esinde alkol alan 3 arkada\u015f aras\u0131nda \u00e7\u0131kan tart\u0131\u015fman\u0131n silahl\u0131 kavgaya d\u00f6nmesiyle 1 ki\u015fi \u00f6ld\u00fc, 2 ki\u015fi a\u011f\u0131r yaraland\u0131.<br \/>\n<br \/>Olay, d\u00fcn saat 21.00 s\u0131ralar\u0131nda Akhisar il\u00e7esine ba\u011fl\u0131 Medar Mahallesi\u2019nde meydana geldi. \u0130ddiaya g\u00f6re, alkol alan Mert Aybar (22), Mehmet \u00c7. (22) ve Emre T. (27) aras\u0131nda hen\u00fcz belirlenemeyen bir nedenle tart\u0131\u015fma \u00e7\u0131kt\u0131. Tart\u0131\u015fman\u0131n b\u00fcy\u00fcmesi \u00fczerine 3 arkada\u015f\u0131n birbirlerine av t\u00fcfekleriyle ate\u015f a\u00e7t\u0131\u011f\u0131 \u00f6ne s\u00fcr\u00fcld\u00fc. Silah seslerini duyan \u00e7evre sakinlerinin ihbar\u0131 \u00fczerine olay yerine jandarma ve sa\u011fl\u0131k ekipleri sevk edildi. Yap\u0131lan kontrollerde v\u00fccuduna domuz kur\u015funu isabet eden Mert Aybar\u2019\u0131n olay yerinde hayat\u0131n\u0131 kaybetti\u011fi belirlendi. A\u011f\u0131r yaralanan Mehmet \u00c7. ve Emre T. ise ambulanslarla Akhisar Mustafa Kirazo\u011flu Devlet Hastanesi\u2019ne kald\u0131r\u0131larak tedavi alt\u0131na al\u0131nd\u0131.<br \/>\n<br \/>Aybar\u2019\u0131n cans\u0131z bedeni, savc\u0131n\u0131n olay yerinde yapt\u0131\u011f\u0131 incelemenin ard\u0131ndan \u0130zmir Adli T\u0131p Kurumu morguna kald\u0131r\u0131ld\u0131.<br \/>\n<br \/>Olayla ilgili soru\u015fturma s\u00fcr\u00fcyor.<br \/><\/p>\n","protected":false},"excerpt":{"rendered":"<p>Manisa\u2019n\u0131n Akhisar il\u00e7esinde alkol alan 3 arkada\u015f aras\u0131nda \u00e7\u0131kan tart\u0131\u015fman\u0131n silahl\u0131 kavgaya d\u00f6nmesiyle 1 ki\u015fi \u00f6ld\u00fc, 2 ki\u015fi a\u011f\u0131r yaraland\u0131. Olay, d\u00fcn saat 21.00 s\u0131ralar\u0131nda Akhisar il\u00e7esine ba\u011fl\u0131 Medar Mahallesi\u2019nde meydana geldi. \u0130ddiaya g\u00f6re, alkol alan Mert Aybar (22), Mehmet \u00c7. (22) ve Emre T. (27) aras\u0131nda hen\u00fcz belirlenemeyen bir nedenle tart\u0131\u015fma \u00e7\u0131kt\u0131. Tart\u0131\u015fman\u0131n b\u00fcy\u00fcmesi&#8230;<\/p>\n","protected":false},"author":1,"featured_media":79293,"comment_status":"open","ping_status":"open","sticky":false,"template":"","format":"standard","meta":{"_crdt_document":"","footnotes":""},"categories":[5],"tags":[],"class_list":["post-79292","post","type-post","status-publish","format-standard","has-post-thumbnail","hentry","category-asayis"],"_links":{"self":[{"href":"https:\/\/www.egemtv.com\/index.php?rest_route=\/wp\/v2\/posts\/79292","targetHints":{"allow":["GET"]}}],"collection":[{"href":"https:\/\/www.egemtv.com\/index.php?rest_route=\/wp\/v2\/posts"}],"about":[{"href":"https:\/\/www.egemtv.com\/index.php?rest_route=\/wp\/v2\/types\/post"}],"author":[{"embeddable":true,"href":"https:\/\/www.egemtv.com\/index.php?rest_route=\/wp\/v2\/users\/1"}],"replies":[{"embeddable":true,"href":"https:\/\/www.egemtv.com\/index.php?rest_route=%2Fwp%2Fv2%2Fcomments&post=79292"}],"version-history":[{"count":1,"href":"https:\/\/www.egemtv.com\/index.php?rest_route=\/wp\/v2\/posts\/79292\/revisions"}],"predecessor-version":[{"id":79294,"href":"https:\/\/www.egemtv.com\/index.php?rest_route=\/wp\/v2\/posts\/79292\/revisions\/79294"}],"wp:featuredmedia":[{"embeddable":true,"href":"https:\/\/www.egemtv.com\/index.php?rest_route=\/wp\/v2\/media\/79293"}],"wp:attachment":[{"href":"https:\/\/www.egemtv.com\/index.php?rest_route=%2Fwp%2Fv2%2Fmedia&parent=79292"}],"wp:term":[{"taxonomy":"category","embeddable":true,"href":"https:\/\/www.egemtv.com\/index.php?rest_route=%2Fwp%2Fv2%2Fcategories&post=79292"},{"taxonomy":"post_tag","embeddable":true,"href":"https:\/\/www.egemtv.com\/index.php?rest_route=%2Fwp%2Fv2%2Ftags&post=79292"}],"curies":[{"name":"wp","href":"https:\/\/api.w.org\/{rel}","templated":true}]}}