{"id":79289,"date":"2026-01-08T09:54:56","date_gmt":"2026-01-08T06:54:56","guid":{"rendered":"https:\/\/www.egemtv.com\/?p=79289"},"modified":"2026-01-08T09:54:57","modified_gmt":"2026-01-08T06:54:57","slug":"kutahyada-79-verem-egitimi-ve-farkindalik-haftasi-odulleri-sahiplerini-buldu","status":"publish","type":"post","link":"https:\/\/www.egemtv.com\/?p=79289","title":{"rendered":"K\u00fctahya\u2019da \u201979. Verem E\u011fitimi ve Fark\u0131ndal\u0131k Haftas\u0131 \u00d6d\u00fclleri\u2019 sahiplerini buldu"},"content":{"rendered":"<p>K\u00fctahya\u2019da 79. Verem E\u011fitimi ve Fark\u0131ndal\u0131k Haftas\u0131 kapsam\u0131nda d\u00fczenlenen \u00f6d\u00fcll\u00fc resim, \u015fiir ve kompozisyon yar\u0131\u015fmalar\u0131n\u0131n \u00f6d\u00fcl t\u00f6reni yo\u011fun kat\u0131l\u0131mla ger\u00e7ekle\u015ftirildi.<br \/>\n<br \/>K\u00fctahya \u0130l Sa\u011fl\u0131k M\u00fcd\u00fcrl\u00fc\u011f\u00fc, \u0130l Milli E\u011fitim M\u00fcd\u00fcrl\u00fc\u011f\u00fc ve Verem Sava\u015f Derne\u011fi Ba\u015fkanl\u0131\u011f\u0131 i\u015f birli\u011finde d\u00fczenlenen programda dereceye giren \u00f6\u011frenciler \u00f6d\u00fcllerine kavu\u015ftu. T\u00f6rene; K\u00fctahya \u0130l Sa\u011fl\u0131k M\u00fcd\u00fcr\u00fc Do\u00e7. Dr. Ensar Durmu\u015f\u2019un yan\u0131 s\u0131ra kurum y\u00f6neticileri, Verem Sava\u015f Derne\u011fi y\u00f6netim kurulu \u00fcyeleri, \u00f6d\u00fcl alan \u00f6\u011frenciler ve aileleri kat\u0131ld\u0131.<br \/>\n<br \/>\u0130lkokullar aras\u0131 resim yar\u0131\u015fmas\u0131nda \u015eehit \u00c7a\u011flayan Irmak \u0130lkokulu \u00f6\u011frencisi Nihan \u0130sra \u00c7ekmez birinci olurken, Yunus Emre \u0130lkokulu \u00f6\u011frencisi Meral Ceyda \u00c7elik ikinci, Alt\u0131nta\u015f Zafer \u0130lkokulu \u00f6\u011frencisi Elif Erva Il\u0131k ise \u00fc\u00e7\u00fcnc\u00fc oldu.<br \/>\n<br \/>Ortaokullar d\u00fczeyinde d\u00fczenlenen \u015fiir yar\u0131\u015fmas\u0131nda Hisarc\u0131k \u015eehitler Ortaokulu \u00f6\u011frencisi Sude Tun\u00e7 birincili\u011fi elde etti. Dumlup\u0131nar Ortaokulu \u00f6\u011frencisi Miray Akko\u00e7 ikinci, \u015eule Mete Tetik \u0130mam Hatip Ortaokulu \u00f6\u011frencisi \u00dcmran Ayabakan \u00fc\u00e7\u00fcnc\u00fc oldu.<br \/>\n<br \/>Liseler aras\u0131 kompozisyon yar\u0131\u015fmas\u0131nda ise K\u0131l\u0131\u00e7arslan Anadolu Lisesi \u00f6\u011frencisi Zeynep \u00d6nc\u00fc birincilik \u00f6d\u00fcl\u00fcne lay\u0131k g\u00f6r\u00fcld\u00fc. \u015eehit Selim Cans\u0131z Anadolu \u0130mam Hatip Lisesi \u00f6\u011frencisi Veysel Efe Ekmek\u00e7io\u011flu ikinci, Nafi G\u00fcral Fen Lisesi \u00f6\u011frencisi \u0130pek \u00c7ak\u0131ro\u011flu \u00fc\u00e7\u00fcnc\u00fc oldu.<br \/><\/p>\n","protected":false},"excerpt":{"rendered":"<p>K\u00fctahya\u2019da 79. Verem E\u011fitimi ve Fark\u0131ndal\u0131k Haftas\u0131 kapsam\u0131nda d\u00fczenlenen \u00f6d\u00fcll\u00fc resim, \u015fiir ve kompozisyon yar\u0131\u015fmalar\u0131n\u0131n \u00f6d\u00fcl t\u00f6reni yo\u011fun kat\u0131l\u0131mla ger\u00e7ekle\u015ftirildi. K\u00fctahya \u0130l Sa\u011fl\u0131k M\u00fcd\u00fcrl\u00fc\u011f\u00fc, \u0130l Milli E\u011fitim M\u00fcd\u00fcrl\u00fc\u011f\u00fc ve Verem Sava\u015f Derne\u011fi Ba\u015fkanl\u0131\u011f\u0131 i\u015f birli\u011finde d\u00fczenlenen programda dereceye giren \u00f6\u011frenciler \u00f6d\u00fcllerine kavu\u015ftu. T\u00f6rene; K\u00fctahya \u0130l Sa\u011fl\u0131k M\u00fcd\u00fcr\u00fc Do\u00e7. Dr. Ensar Durmu\u015f\u2019un yan\u0131 s\u0131ra kurum y\u00f6neticileri,&#8230;<\/p>\n","protected":false},"author":1,"featured_media":79290,"comment_status":"open","ping_status":"open","sticky":false,"template":"","format":"standard","meta":{"_crdt_document":"","footnotes":""},"categories":[2],"tags":[],"class_list":["post-79289","post","type-post","status-publish","format-standard","has-post-thumbnail","hentry","category-saglik"],"_links":{"self":[{"href":"https:\/\/www.egemtv.com\/index.php?rest_route=\/wp\/v2\/posts\/79289","targetHints":{"allow":["GET"]}}],"collection":[{"href":"https:\/\/www.egemtv.com\/index.php?rest_route=\/wp\/v2\/posts"}],"about":[{"href":"https:\/\/www.egemtv.com\/index.php?rest_route=\/wp\/v2\/types\/post"}],"author":[{"embeddable":true,"href":"https:\/\/www.egemtv.com\/index.php?rest_route=\/wp\/v2\/users\/1"}],"replies":[{"embeddable":true,"href":"https:\/\/www.egemtv.com\/index.php?rest_route=%2Fwp%2Fv2%2Fcomments&post=79289"}],"version-history":[{"count":1,"href":"https:\/\/www.egemtv.com\/index.php?rest_route=\/wp\/v2\/posts\/79289\/revisions"}],"predecessor-version":[{"id":79291,"href":"https:\/\/www.egemtv.com\/index.php?rest_route=\/wp\/v2\/posts\/79289\/revisions\/79291"}],"wp:featuredmedia":[{"embeddable":true,"href":"https:\/\/www.egemtv.com\/index.php?rest_route=\/wp\/v2\/media\/79290"}],"wp:attachment":[{"href":"https:\/\/www.egemtv.com\/index.php?rest_route=%2Fwp%2Fv2%2Fmedia&parent=79289"}],"wp:term":[{"taxonomy":"category","embeddable":true,"href":"https:\/\/www.egemtv.com\/index.php?rest_route=%2Fwp%2Fv2%2Fcategories&post=79289"},{"taxonomy":"post_tag","embeddable":true,"href":"https:\/\/www.egemtv.com\/index.php?rest_route=%2Fwp%2Fv2%2Ftags&post=79289"}],"curies":[{"name":"wp","href":"https:\/\/api.w.org\/{rel}","templated":true}]}}