{"id":79283,"date":"2026-01-08T09:54:54","date_gmt":"2026-01-08T06:54:54","guid":{"rendered":"https:\/\/www.egemtv.com\/?p=79283"},"modified":"2026-01-08T09:54:55","modified_gmt":"2026-01-08T06:54:55","slug":"tavsanlida-yagmur-sonrasi-gokkusagi-gorsel-solen","status":"publish","type":"post","link":"https:\/\/www.egemtv.com\/?p=79283","title":{"rendered":"Tav\u015fanl\u0131\u2019da ya\u011fmur sonras\u0131 g\u00f6kku\u015fa\u011f\u0131 g\u00f6rsel \u015f\u00f6len"},"content":{"rendered":"<p>K\u00fctahya\u2019n\u0131n Tav\u015fanl\u0131 il\u00e7esinde ya\u011fmurun ard\u0131ndan g\u00f6ky\u00fcz\u00fcnde beliren g\u00f6kku\u015fa\u011f\u0131, vatanda\u015flara unutulmaz anlar ya\u015fatt\u0131.<br \/>\n<br \/>Eetkili olan sa\u011fanak ya\u011f\u0131\u015f\u0131n ard\u0131ndan havan\u0131n a\u00e7mas\u0131yla ortaya \u00e7\u0131kan renk c\u00fcmb\u00fc\u015f\u00fc, il\u00e7enin bir\u00e7ok noktas\u0131ndan net bir \u015fekilde g\u00f6r\u00fcld\u00fc. G\u00f6ky\u00fcz\u00fcn\u00fc s\u00fcsleyen dev g\u00f6kku\u015fa\u011f\u0131, izleyenlere adeta g\u00f6rsel bir \u015f\u00f6len sunarken, o anlar vatanda\u015flar taraf\u0131ndan cep telefonu kameralar\u0131yla kaydedildi. G\u00f6kku\u015fa\u011f\u0131n\u0131 g\u00f6r\u00fcnt\u00fcleyen vatanda\u015flardan Eren D\u00f6nmez, manzaran\u0131n b\u00fcy\u00fcleyici oldu\u011funu belirterek, i\u015f \u00e7\u0131k\u0131\u015f\u0131 eve d\u00f6nerken kar\u015f\u0131la\u015ft\u0131\u011f\u0131 bu muazzam g\u00f6r\u00fcnt\u00fcy\u00fc \u00f6l\u00fcms\u00fczle\u015ftirmek istedi\u011fini ifade etti.<br \/>\n<br \/>Ya\u011fmur sonras\u0131 olu\u015fan do\u011fal g\u00fczellik, Tav\u015fanl\u0131\u2019da k\u0131sa s\u00fcreli de olsa g\u00f6ky\u00fcz\u00fcnde renkli g\u00f6r\u00fcnt\u00fclere sahne oldu.<br \/><\/p>\n","protected":false},"excerpt":{"rendered":"<p>K\u00fctahya\u2019n\u0131n Tav\u015fanl\u0131 il\u00e7esinde ya\u011fmurun ard\u0131ndan g\u00f6ky\u00fcz\u00fcnde beliren g\u00f6kku\u015fa\u011f\u0131, vatanda\u015flara unutulmaz anlar ya\u015fatt\u0131. Eetkili olan sa\u011fanak ya\u011f\u0131\u015f\u0131n ard\u0131ndan havan\u0131n a\u00e7mas\u0131yla ortaya \u00e7\u0131kan renk c\u00fcmb\u00fc\u015f\u00fc, il\u00e7enin bir\u00e7ok noktas\u0131ndan net bir \u015fekilde g\u00f6r\u00fcld\u00fc. G\u00f6ky\u00fcz\u00fcn\u00fc s\u00fcsleyen dev g\u00f6kku\u015fa\u011f\u0131, izleyenlere adeta g\u00f6rsel bir \u015f\u00f6len sunarken, o anlar vatanda\u015flar taraf\u0131ndan cep telefonu kameralar\u0131yla kaydedildi. G\u00f6kku\u015fa\u011f\u0131n\u0131 g\u00f6r\u00fcnt\u00fcleyen vatanda\u015flardan Eren D\u00f6nmez, manzaran\u0131n b\u00fcy\u00fcleyici&#8230;<\/p>\n","protected":false},"author":1,"featured_media":79284,"comment_status":"open","ping_status":"open","sticky":false,"template":"","format":"standard","meta":{"_crdt_document":"","footnotes":""},"categories":[1],"tags":[],"class_list":["post-79283","post","type-post","status-publish","format-standard","has-post-thumbnail","hentry","category-guncel"],"_links":{"self":[{"href":"https:\/\/www.egemtv.com\/index.php?rest_route=\/wp\/v2\/posts\/79283","targetHints":{"allow":["GET"]}}],"collection":[{"href":"https:\/\/www.egemtv.com\/index.php?rest_route=\/wp\/v2\/posts"}],"about":[{"href":"https:\/\/www.egemtv.com\/index.php?rest_route=\/wp\/v2\/types\/post"}],"author":[{"embeddable":true,"href":"https:\/\/www.egemtv.com\/index.php?rest_route=\/wp\/v2\/users\/1"}],"replies":[{"embeddable":true,"href":"https:\/\/www.egemtv.com\/index.php?rest_route=%2Fwp%2Fv2%2Fcomments&post=79283"}],"version-history":[{"count":1,"href":"https:\/\/www.egemtv.com\/index.php?rest_route=\/wp\/v2\/posts\/79283\/revisions"}],"predecessor-version":[{"id":79285,"href":"https:\/\/www.egemtv.com\/index.php?rest_route=\/wp\/v2\/posts\/79283\/revisions\/79285"}],"wp:featuredmedia":[{"embeddable":true,"href":"https:\/\/www.egemtv.com\/index.php?rest_route=\/wp\/v2\/media\/79284"}],"wp:attachment":[{"href":"https:\/\/www.egemtv.com\/index.php?rest_route=%2Fwp%2Fv2%2Fmedia&parent=79283"}],"wp:term":[{"taxonomy":"category","embeddable":true,"href":"https:\/\/www.egemtv.com\/index.php?rest_route=%2Fwp%2Fv2%2Fcategories&post=79283"},{"taxonomy":"post_tag","embeddable":true,"href":"https:\/\/www.egemtv.com\/index.php?rest_route=%2Fwp%2Fv2%2Ftags&post=79283"}],"curies":[{"name":"wp","href":"https:\/\/api.w.org\/{rel}","templated":true}]}}