{"id":79277,"date":"2026-01-08T09:54:53","date_gmt":"2026-01-08T06:54:53","guid":{"rendered":"https:\/\/www.egemtv.com\/?p=79277"},"modified":"2026-01-08T09:54:54","modified_gmt":"2026-01-08T06:54:54","slug":"kutahyada-hayvancilik-isletmelerine-yonelik-kapasite-tespiti-suruyor","status":"publish","type":"post","link":"https:\/\/www.egemtv.com\/?p=79277","title":{"rendered":"K\u00fctahya\u2019da hayvanc\u0131l\u0131k i\u015fletmelerine y\u00f6nelik kapasite tespiti s\u00fcr\u00fcyor"},"content":{"rendered":"<p>K\u00fctahya\u2019da 2026 y\u0131l\u0131 besilik hayvan ithalat\u0131 ba\u015fvurular\u0131 kapsam\u0131nda hayvanc\u0131l\u0131k i\u015fletmelerine y\u00f6nelik kapasite tespit \u00e7al\u0131\u015fmalar\u0131 devam ediyor.<br \/>\n<br \/>\u0130l Tar\u0131m ve Orman M\u00fcd\u00fcrl\u00fc\u011f\u00fc teknik personeli taraf\u0131ndan y\u00fcr\u00fct\u00fclen \u00e7al\u0131\u015fmalar \u00e7er\u00e7evesinde, ba\u015fvuruda bulunan i\u015fletmeler yerinde incelenerek mevcut bar\u0131nak kapasitesi, hayvan varl\u0131\u011f\u0131 ve i\u015fletme \u015fartlar\u0131 de\u011ferlendiriliyor.<br \/>\n<br \/>Ger\u00e7ekle\u015ftirilen kapasite tespitlerinin, besilik hayvan ithalat\u0131 s\u00fcrecinde mevzuata uygunlu\u011fun sa\u011flanmas\u0131 ve planlaman\u0131n sa\u011fl\u0131kl\u0131 \u015fekilde yap\u0131lmas\u0131 amac\u0131yla y\u00fcr\u00fct\u00fcld\u00fc\u011f\u00fc bildirildi. \u0130l genelinde \u00e7al\u0131\u015fmalar\u0131n program dahilinde s\u00fcrd\u00fc\u011f\u00fc ifade edildi.<br \/><\/p>\n","protected":false},"excerpt":{"rendered":"<p>K\u00fctahya\u2019da 2026 y\u0131l\u0131 besilik hayvan ithalat\u0131 ba\u015fvurular\u0131 kapsam\u0131nda hayvanc\u0131l\u0131k i\u015fletmelerine y\u00f6nelik kapasite tespit \u00e7al\u0131\u015fmalar\u0131 devam ediyor. \u0130l Tar\u0131m ve Orman M\u00fcd\u00fcrl\u00fc\u011f\u00fc teknik personeli taraf\u0131ndan y\u00fcr\u00fct\u00fclen \u00e7al\u0131\u015fmalar \u00e7er\u00e7evesinde, ba\u015fvuruda bulunan i\u015fletmeler yerinde incelenerek mevcut bar\u0131nak kapasitesi, hayvan varl\u0131\u011f\u0131 ve i\u015fletme \u015fartlar\u0131 de\u011ferlendiriliyor. Ger\u00e7ekle\u015ftirilen kapasite tespitlerinin, besilik hayvan ithalat\u0131 s\u00fcrecinde mevzuata uygunlu\u011fun sa\u011flanmas\u0131 ve planlaman\u0131n sa\u011fl\u0131kl\u0131 \u015fekilde&#8230;<\/p>\n","protected":false},"author":1,"featured_media":79278,"comment_status":"open","ping_status":"open","sticky":false,"template":"","format":"standard","meta":{"_crdt_document":"","footnotes":""},"categories":[125],"tags":[],"class_list":["post-79277","post","type-post","status-publish","format-standard","has-post-thumbnail","hentry","category-ekonomi"],"_links":{"self":[{"href":"https:\/\/www.egemtv.com\/index.php?rest_route=\/wp\/v2\/posts\/79277","targetHints":{"allow":["GET"]}}],"collection":[{"href":"https:\/\/www.egemtv.com\/index.php?rest_route=\/wp\/v2\/posts"}],"about":[{"href":"https:\/\/www.egemtv.com\/index.php?rest_route=\/wp\/v2\/types\/post"}],"author":[{"embeddable":true,"href":"https:\/\/www.egemtv.com\/index.php?rest_route=\/wp\/v2\/users\/1"}],"replies":[{"embeddable":true,"href":"https:\/\/www.egemtv.com\/index.php?rest_route=%2Fwp%2Fv2%2Fcomments&post=79277"}],"version-history":[{"count":1,"href":"https:\/\/www.egemtv.com\/index.php?rest_route=\/wp\/v2\/posts\/79277\/revisions"}],"predecessor-version":[{"id":79279,"href":"https:\/\/www.egemtv.com\/index.php?rest_route=\/wp\/v2\/posts\/79277\/revisions\/79279"}],"wp:featuredmedia":[{"embeddable":true,"href":"https:\/\/www.egemtv.com\/index.php?rest_route=\/wp\/v2\/media\/79278"}],"wp:attachment":[{"href":"https:\/\/www.egemtv.com\/index.php?rest_route=%2Fwp%2Fv2%2Fmedia&parent=79277"}],"wp:term":[{"taxonomy":"category","embeddable":true,"href":"https:\/\/www.egemtv.com\/index.php?rest_route=%2Fwp%2Fv2%2Fcategories&post=79277"},{"taxonomy":"post_tag","embeddable":true,"href":"https:\/\/www.egemtv.com\/index.php?rest_route=%2Fwp%2Fv2%2Ftags&post=79277"}],"curies":[{"name":"wp","href":"https:\/\/api.w.org\/{rel}","templated":true}]}}