{"id":79274,"date":"2026-01-08T09:54:52","date_gmt":"2026-01-08T06:54:52","guid":{"rendered":"https:\/\/www.egemtv.com\/?p=79274"},"modified":"2026-01-08T09:54:53","modified_gmt":"2026-01-08T06:54:53","slug":"aslanapada-selektor-ve-yem-ezme-makineleri-denetlendi","status":"publish","type":"post","link":"https:\/\/www.egemtv.com\/?p=79274","title":{"rendered":"Aslanapa\u2019da selekt\u00f6r ve yem ezme makineleri denetlendi"},"content":{"rendered":"<p>K\u00fctahya\u2019n\u0131n Aslanapa il\u00e7esinde selekt\u00f6r ve yem ezme makinelerinin kontrolleri ger\u00e7ekle\u015ftirildi.<br \/>\n<br \/>Aslanapa \u0130l\u00e7e Tar\u0131m ve Orman M\u00fcd\u00fcrl\u00fc\u011f\u00fc teknik personeli taraf\u0131ndan il\u00e7ede bulunan selekt\u00f6r ve yem ezme makineleri denetlenerek, kullan\u0131m \u015fartlar\u0131 ve teknik uygunluklar\u0131 kontrol edildi. Yap\u0131lan kontrollerle, \u00fcreticilerin g\u00fcvenli ve verimli hizmet almas\u0131n\u0131n sa\u011flanmas\u0131 ama\u00e7land\u0131.<br \/><\/p>\n","protected":false},"excerpt":{"rendered":"<p>K\u00fctahya\u2019n\u0131n Aslanapa il\u00e7esinde selekt\u00f6r ve yem ezme makinelerinin kontrolleri ger\u00e7ekle\u015ftirildi. Aslanapa \u0130l\u00e7e Tar\u0131m ve Orman M\u00fcd\u00fcrl\u00fc\u011f\u00fc teknik personeli taraf\u0131ndan il\u00e7ede bulunan selekt\u00f6r ve yem ezme makineleri denetlenerek, kullan\u0131m \u015fartlar\u0131 ve teknik uygunluklar\u0131 kontrol edildi. Yap\u0131lan kontrollerle, \u00fcreticilerin g\u00fcvenli ve verimli hizmet almas\u0131n\u0131n sa\u011flanmas\u0131 ama\u00e7land\u0131.<\/p>\n","protected":false},"author":1,"featured_media":79275,"comment_status":"open","ping_status":"open","sticky":false,"template":"","format":"standard","meta":{"_crdt_document":"","footnotes":""},"categories":[125],"tags":[],"class_list":["post-79274","post","type-post","status-publish","format-standard","has-post-thumbnail","hentry","category-ekonomi"],"_links":{"self":[{"href":"https:\/\/www.egemtv.com\/index.php?rest_route=\/wp\/v2\/posts\/79274","targetHints":{"allow":["GET"]}}],"collection":[{"href":"https:\/\/www.egemtv.com\/index.php?rest_route=\/wp\/v2\/posts"}],"about":[{"href":"https:\/\/www.egemtv.com\/index.php?rest_route=\/wp\/v2\/types\/post"}],"author":[{"embeddable":true,"href":"https:\/\/www.egemtv.com\/index.php?rest_route=\/wp\/v2\/users\/1"}],"replies":[{"embeddable":true,"href":"https:\/\/www.egemtv.com\/index.php?rest_route=%2Fwp%2Fv2%2Fcomments&post=79274"}],"version-history":[{"count":1,"href":"https:\/\/www.egemtv.com\/index.php?rest_route=\/wp\/v2\/posts\/79274\/revisions"}],"predecessor-version":[{"id":79276,"href":"https:\/\/www.egemtv.com\/index.php?rest_route=\/wp\/v2\/posts\/79274\/revisions\/79276"}],"wp:featuredmedia":[{"embeddable":true,"href":"https:\/\/www.egemtv.com\/index.php?rest_route=\/wp\/v2\/media\/79275"}],"wp:attachment":[{"href":"https:\/\/www.egemtv.com\/index.php?rest_route=%2Fwp%2Fv2%2Fmedia&parent=79274"}],"wp:term":[{"taxonomy":"category","embeddable":true,"href":"https:\/\/www.egemtv.com\/index.php?rest_route=%2Fwp%2Fv2%2Fcategories&post=79274"},{"taxonomy":"post_tag","embeddable":true,"href":"https:\/\/www.egemtv.com\/index.php?rest_route=%2Fwp%2Fv2%2Ftags&post=79274"}],"curies":[{"name":"wp","href":"https:\/\/api.w.org\/{rel}","templated":true}]}}