{"id":79271,"date":"2026-01-08T09:14:47","date_gmt":"2026-01-08T06:14:47","guid":{"rendered":"https:\/\/www.egemtv.com\/?p=79271"},"modified":"2026-01-08T09:14:47","modified_gmt":"2026-01-08T06:14:47","slug":"cameline-cag-atlatan-baskan-arslana-yilin-en-basarili-ilce-belediye-baskani-odulu-verildi","status":"publish","type":"post","link":"https:\/\/www.egemtv.com\/?p=79271","title":{"rendered":"\u00c7ameli\u2019ne \u00e7a\u011f atlatan Ba\u015fkan Arslan\u2019a \u2019Y\u0131l\u0131n En Ba\u015far\u0131l\u0131 \u0130l\u00e7e Belediye Ba\u015fkan\u0131\u2019 \u00f6d\u00fcl\u00fc verildi"},"content":{"rendered":"<p>Denizli\u2019nin \u00c7ameli il\u00e7esinde ger\u00e7ekle\u015ftirdi\u011fi vizyon projeler ve yerel kalk\u0131nma hamleleriyle ad\u0131ndan s\u00f6z ettiren Belediye Ba\u015fkan\u0131 Cengiz Arslan\u2019a &#8220;2025 Y\u0131l\u0131n\u0131n En Ba\u015far\u0131l\u0131 \u0130l\u00e7e Belediye Ba\u015fkan\u0131&#8221; \u00f6d\u00fcl\u00fc t\u00f6renle takdim edildi.<\/p>\n<p>\u00c7ameli il\u00e7esini d\u00fcnyan\u0131n 306\u2019nc\u0131, T\u00fcrkiye\u2019nin ise 27\u2019nci Sakin \u015eehri (Cittaslow) yapan ve hayata ge\u00e7irdi\u011fi ba\u015far\u0131l\u0131 \u00e7al\u0131\u015fmalarla dikkat \u00e7eken Belediye Ba\u015fkan\u0131m\u0131z Cengiz Arslan, Ege Gazeteciler Federasyonu \u00fcyeleri taraf\u0131ndan &#8220;2025 Y\u0131l\u0131n\u0131n En Ba\u015far\u0131l\u0131 \u0130l\u00e7e Belediye Ba\u015fkan\u0131&#8221; se\u00e7ildi.<br \/>\n<br \/>Belediye Ba\u015fkan\u0131m\u0131z Cengiz Arslan\u2019a lay\u0131k g\u00f6r\u00fclen \u00f6d\u00fcl, Mu\u011fla B\u00fcy\u00fck\u015fehir Belediyesi T\u00fcrkan Saylan \u00c7a\u011fda\u015f Ya\u015fam Merkezi Salonu\u2019nda d\u00fczenlenen t\u00f6rende takdim edildi.<\/p>\n<p>Ba\u015fkan Arslan, \u00f6d\u00fcl\u00fcn\u00fc 07 Ocak 2026 \u00c7ar\u015famba g\u00fcn\u00fc Mu\u011fla\u2019da d\u00fczenlenen g\u00f6rkemli bir t\u00f6renle teslim ald\u0131.<br \/>\n<br \/>Ege B\u00f6lgesi\u2019ndeki gazetecilerin de\u011ferlendirmeleri sonucu bu anlaml\u0131 \u00f6d\u00fcle lay\u0131k g\u00f6r\u00fclen Cengiz Arslan i\u00e7in \u00f6d\u00fcl t\u00f6reni, Mu\u011fla B\u00fcy\u00fck\u015fehir Belediyesi T\u00fcrkan Saylan \u00c7a\u011fda\u015f Ya\u015fam Merkezi\u2019nde ger\u00e7ekle\u015ftirildi. Saat 15.00\u2019te ba\u015flayan t\u00f6rene bas\u0131n mensuplar\u0131, yerel y\u00f6neticiler ve \u00e7ok say\u0131da davetli kat\u0131ld\u0131.<\/p>\n<p>\u00d6d\u00fcl takdiminin ard\u0131ndan bir a\u00e7\u0131klama yapan Ba\u015fkan Cengiz Arslan, ba\u015far\u0131n\u0131n bir ekip i\u015fi oldu\u011funu vurgulad\u0131. Arslan, konu\u015fmas\u0131nda \u015fu ifadelere yer verdi: &#8220;Ege Gazeteciler Federasyonu\u2019nun \u015fahs\u0131m\u0131za g\u00f6stermi\u015f olduklar\u0131 incelikten dolay\u0131 te\u015fekk\u00fcr ediyoruz. Bu \u00f6d\u00fcl\u00fc Cengiz Arslan olarak al\u0131yorum ama yap\u0131lan t\u00fcm \u00e7al\u0131\u015fmalar \u00c7ameli ve Denizli i\u00e7indir. Mesai arkada\u015flar\u0131m\u0131z ve payda\u015flar\u0131m\u0131zla birlikte ba\u015fard\u0131k. Bu \u00f6d\u00fcl\u00fc \u00c7ameli il\u00e7emize ad\u0131yorum.&#8221;<\/p>\n<p>\u00c7ameli\u2019nin tan\u0131t\u0131m\u0131 i\u00e7in b\u00fcy\u00fck hedefleri oldu\u011funu belirten Arslan, il\u00e7enin &#8220;Cittaslow&#8221; Sakin \u015eehir \u00fcnvan\u0131na dikkat \u00e7ekti. Denizli\u2019nin tek sakin \u015fehri olduklar\u0131n\u0131 hat\u0131rlatan Ba\u015fkan Arslan, il\u00e7eyi d\u00fcnya markas\u0131 yapma yolunda ilerlediklerini belirtti: Yama\u00e7 Para\u015f\u00fct\u00fc \u015eampiyonas\u0131 ve do\u011fa sporlar\u0131 etkinlikleriyle \u00c7ameli\u2019nin ad\u0131n\u0131 d\u00fcnyaya duyurduklar\u0131n\u0131 ifade etti.2026 y\u0131l\u0131nda da uluslararas\u0131 etkinliklere h\u0131z kesmeden devam edeceklerini ve \u00c7ameli ismini k\u00fcresel \u00f6l\u00e7ekte markala\u015ft\u0131racaklar\u0131n\u0131 m\u00fcjdeledi.<br \/>\n<br \/>Ba\u015fkan Arslan, a\u00e7\u0131klamas\u0131n\u0131 &#8220;Bizi bu \u00f6d\u00fcle lay\u0131k g\u00f6ren cemiyetimize \u015f\u00fckranlar\u0131m\u0131 sunuyorum,&#8221; s\u00f6zleriyle tamamlad\u0131.<br \/><\/p>\n","protected":false},"excerpt":{"rendered":"<p>Denizli\u2019nin \u00c7ameli il\u00e7esinde ger\u00e7ekle\u015ftirdi\u011fi vizyon projeler ve yerel kalk\u0131nma hamleleriyle ad\u0131ndan s\u00f6z ettiren Belediye Ba\u015fkan\u0131 Cengiz Arslan\u2019a &#8220;2025 Y\u0131l\u0131n\u0131n En Ba\u015far\u0131l\u0131 \u0130l\u00e7e Belediye Ba\u015fkan\u0131&#8221; \u00f6d\u00fcl\u00fc t\u00f6renle takdim edildi. \u00c7ameli il\u00e7esini d\u00fcnyan\u0131n 306\u2019nc\u0131, T\u00fcrkiye\u2019nin ise 27\u2019nci Sakin \u015eehri (Cittaslow) yapan ve hayata ge\u00e7irdi\u011fi ba\u015far\u0131l\u0131 \u00e7al\u0131\u015fmalarla dikkat \u00e7eken Belediye Ba\u015fkan\u0131m\u0131z Cengiz Arslan, Ege Gazeteciler Federasyonu \u00fcyeleri taraf\u0131ndan&#8230;<\/p>\n","protected":false},"author":1,"featured_media":79272,"comment_status":"open","ping_status":"open","sticky":false,"template":"","format":"standard","meta":{"_crdt_document":"","footnotes":""},"categories":[127],"tags":[],"class_list":["post-79271","post","type-post","status-publish","format-standard","has-post-thumbnail","hentry","category-siyaset"],"_links":{"self":[{"href":"https:\/\/www.egemtv.com\/index.php?rest_route=\/wp\/v2\/posts\/79271","targetHints":{"allow":["GET"]}}],"collection":[{"href":"https:\/\/www.egemtv.com\/index.php?rest_route=\/wp\/v2\/posts"}],"about":[{"href":"https:\/\/www.egemtv.com\/index.php?rest_route=\/wp\/v2\/types\/post"}],"author":[{"embeddable":true,"href":"https:\/\/www.egemtv.com\/index.php?rest_route=\/wp\/v2\/users\/1"}],"replies":[{"embeddable":true,"href":"https:\/\/www.egemtv.com\/index.php?rest_route=%2Fwp%2Fv2%2Fcomments&post=79271"}],"version-history":[{"count":1,"href":"https:\/\/www.egemtv.com\/index.php?rest_route=\/wp\/v2\/posts\/79271\/revisions"}],"predecessor-version":[{"id":79273,"href":"https:\/\/www.egemtv.com\/index.php?rest_route=\/wp\/v2\/posts\/79271\/revisions\/79273"}],"wp:featuredmedia":[{"embeddable":true,"href":"https:\/\/www.egemtv.com\/index.php?rest_route=\/wp\/v2\/media\/79272"}],"wp:attachment":[{"href":"https:\/\/www.egemtv.com\/index.php?rest_route=%2Fwp%2Fv2%2Fmedia&parent=79271"}],"wp:term":[{"taxonomy":"category","embeddable":true,"href":"https:\/\/www.egemtv.com\/index.php?rest_route=%2Fwp%2Fv2%2Fcategories&post=79271"},{"taxonomy":"post_tag","embeddable":true,"href":"https:\/\/www.egemtv.com\/index.php?rest_route=%2Fwp%2Fv2%2Ftags&post=79271"}],"curies":[{"name":"wp","href":"https:\/\/api.w.org\/{rel}","templated":true}]}}