{"id":79268,"date":"2026-01-08T09:14:46","date_gmt":"2026-01-08T06:14:46","guid":{"rendered":"https:\/\/www.egemtv.com\/?p=79268"},"modified":"2026-01-08T09:14:47","modified_gmt":"2026-01-08T06:14:47","slug":"burdurda-kerpic-evin-duvari-coktu","status":"publish","type":"post","link":"https:\/\/www.egemtv.com\/?p=79268","title":{"rendered":"Burdur\u2019da kerpi\u00e7 evin duvar\u0131 \u00e7\u00f6kt\u00fc"},"content":{"rendered":"<p>Burdur\u2019un Bucak il\u00e7esinde kullan\u0131lmayan kerpi\u00e7 evin yan duvar\u0131 \u00e7\u00f6kt\u00fc. Olayda yaralanan olmazken, ev \u00e7evresinde g\u00fcvenlik \u00f6nlemi al\u0131nd\u0131.<br \/>\n<br \/>Olay, gece saatlerinde Bucak il\u00e7esi \u00c7ukur Mahalle\u2019de meydana geldi. Edinilen bilgiye g\u00f6re, kullan\u0131lmayan kerpi\u00e7 evin yan duvar\u0131 hen\u00fcz bilinmeyen bir sebeple \u00e7\u00f6kt\u00fc. Sesi duyan \u00e7evredeki vatanda\u015flar\u0131n ihbar\u0131 \u00fczerine adrese itfaiye, sa\u011fl\u0131k ve polis ekipleri sevk edildi. Olayda yaralanan olmad\u0131\u011f\u0131 anla\u015f\u0131l\u0131rken, ekipler evin etraf\u0131nda g\u00fcvenlik \u00f6nlemi ald\u0131.<br \/><\/p>\n","protected":false},"excerpt":{"rendered":"<p>Burdur\u2019un Bucak il\u00e7esinde kullan\u0131lmayan kerpi\u00e7 evin yan duvar\u0131 \u00e7\u00f6kt\u00fc. Olayda yaralanan olmazken, ev \u00e7evresinde g\u00fcvenlik \u00f6nlemi al\u0131nd\u0131. Olay, gece saatlerinde Bucak il\u00e7esi \u00c7ukur Mahalle\u2019de meydana geldi. Edinilen bilgiye g\u00f6re, kullan\u0131lmayan kerpi\u00e7 evin yan duvar\u0131 hen\u00fcz bilinmeyen bir sebeple \u00e7\u00f6kt\u00fc. Sesi duyan \u00e7evredeki vatanda\u015flar\u0131n ihbar\u0131 \u00fczerine adrese itfaiye, sa\u011fl\u0131k ve polis ekipleri sevk edildi. Olayda yaralanan&#8230;<\/p>\n","protected":false},"author":1,"featured_media":79269,"comment_status":"open","ping_status":"open","sticky":false,"template":"","format":"standard","meta":{"_crdt_document":"","footnotes":""},"categories":[5],"tags":[],"class_list":["post-79268","post","type-post","status-publish","format-standard","has-post-thumbnail","hentry","category-asayis"],"_links":{"self":[{"href":"https:\/\/www.egemtv.com\/index.php?rest_route=\/wp\/v2\/posts\/79268","targetHints":{"allow":["GET"]}}],"collection":[{"href":"https:\/\/www.egemtv.com\/index.php?rest_route=\/wp\/v2\/posts"}],"about":[{"href":"https:\/\/www.egemtv.com\/index.php?rest_route=\/wp\/v2\/types\/post"}],"author":[{"embeddable":true,"href":"https:\/\/www.egemtv.com\/index.php?rest_route=\/wp\/v2\/users\/1"}],"replies":[{"embeddable":true,"href":"https:\/\/www.egemtv.com\/index.php?rest_route=%2Fwp%2Fv2%2Fcomments&post=79268"}],"version-history":[{"count":1,"href":"https:\/\/www.egemtv.com\/index.php?rest_route=\/wp\/v2\/posts\/79268\/revisions"}],"predecessor-version":[{"id":79270,"href":"https:\/\/www.egemtv.com\/index.php?rest_route=\/wp\/v2\/posts\/79268\/revisions\/79270"}],"wp:featuredmedia":[{"embeddable":true,"href":"https:\/\/www.egemtv.com\/index.php?rest_route=\/wp\/v2\/media\/79269"}],"wp:attachment":[{"href":"https:\/\/www.egemtv.com\/index.php?rest_route=%2Fwp%2Fv2%2Fmedia&parent=79268"}],"wp:term":[{"taxonomy":"category","embeddable":true,"href":"https:\/\/www.egemtv.com\/index.php?rest_route=%2Fwp%2Fv2%2Fcategories&post=79268"},{"taxonomy":"post_tag","embeddable":true,"href":"https:\/\/www.egemtv.com\/index.php?rest_route=%2Fwp%2Fv2%2Ftags&post=79268"}],"curies":[{"name":"wp","href":"https:\/\/api.w.org\/{rel}","templated":true}]}}