{"id":79265,"date":"2026-01-08T09:14:45","date_gmt":"2026-01-08T06:14:45","guid":{"rendered":"https:\/\/www.egemtv.com\/?p=79265"},"modified":"2026-01-08T09:14:46","modified_gmt":"2026-01-08T06:14:46","slug":"tvf-kadinlar-2-ligi-didim-belediyespor-3-aydin-buyuksehir-belediyespor-1","status":"publish","type":"post","link":"https:\/\/www.egemtv.com\/?p=79265","title":{"rendered":"TVF Kad\u0131nlar 2. Ligi: Didim Belediyespor: 3 &#8211; Ayd\u0131n B\u00fcy\u00fck\u015fehir Belediyespor: 1"},"content":{"rendered":"<p>Didim Belediyespor Kad\u0131n Voleybol Tak\u0131m\u0131, TVF Kad\u0131nlar 2. Ligi 7. Grup 22. hafta m\u00fccadelesinde Ayd\u0131n B\u00fcy\u00fck\u015fehir Belediyespor\u2019u 3-1 ma\u011flup etti.<\/p>\n<p>TVF Kad\u0131nlar 2. Ligi 7. Grup\u2019un 22. hafta m\u00fccadelesinde Didim Belediyespor, Ayd\u0131n B\u00fcy\u00fck\u015fehir Belediyespor ile kar\u015f\u0131la\u015ft\u0131. Kar\u015f\u0131la\u015fma boyunca disiplinli oyun anlay\u0131\u015f\u0131n\u0131 sahaya yans\u0131tan Didim ekibi kritik ma\u00e7tan galip ayr\u0131lmay\u0131 ba\u015fard\u0131. Her sette m\u00fccadeleden kopmayan Didim ekibi, performans\u0131yla rakibine \u00fcst\u00fcnl\u00fck sa\u011flarken, zorlu ge\u00e7en m\u00fccadele rakibini 3-1 yenmeyi ba\u015fard\u0131. Ald\u0131klar\u0131 galibiyetle ligdeki iddias\u0131n\u0131 s\u00fcrd\u00fcren Didim\u2019in k\u0131zlar\u0131n\u0131 tebrik eden Didim Belediye Ba\u015fkan\u0131 Hatice Gen\u00e7ay; &#8220;Kad\u0131n voleybol tak\u0131m\u0131m\u0131z\u0131n elde etti\u011fi bu anlaml\u0131 galibiyet hepimizi gururland\u0131rd\u0131. Sahada ortaya koyulan m\u00fccadele, azim ve tak\u0131m ruhu Didim\u2019in spor alan\u0131ndaki y\u00fckselen g\u00fcc\u00fcn\u00fc bir kez daha g\u00f6sterdi. Sporcular\u0131m\u0131z\u0131, teknik ekibimizi ve eme\u011fi ge\u00e7en herkesi y\u00fcrekten kutluyor, ba\u015far\u0131lar\u0131n\u0131n devam\u0131n\u0131 diliyorum. Didim Belediyesi olarak spora ve sporcular\u0131m\u0131za deste\u011fimizi kararl\u0131l\u0131kla s\u00fcrd\u00fcrece\u011fiz&#8221; dedi.<br \/><\/p>\n","protected":false},"excerpt":{"rendered":"<p>Didim Belediyespor Kad\u0131n Voleybol Tak\u0131m\u0131, TVF Kad\u0131nlar 2. Ligi 7. Grup 22. hafta m\u00fccadelesinde Ayd\u0131n B\u00fcy\u00fck\u015fehir Belediyespor\u2019u 3-1 ma\u011flup etti. TVF Kad\u0131nlar 2. Ligi 7. Grup\u2019un 22. hafta m\u00fccadelesinde Didim Belediyespor, Ayd\u0131n B\u00fcy\u00fck\u015fehir Belediyespor ile kar\u015f\u0131la\u015ft\u0131. Kar\u015f\u0131la\u015fma boyunca disiplinli oyun anlay\u0131\u015f\u0131n\u0131 sahaya yans\u0131tan Didim ekibi kritik ma\u00e7tan galip ayr\u0131lmay\u0131 ba\u015fard\u0131. Her sette m\u00fccadeleden kopmayan Didim&#8230;<\/p>\n","protected":false},"author":1,"featured_media":79266,"comment_status":"open","ping_status":"open","sticky":false,"template":"","format":"standard","meta":{"_crdt_document":"","footnotes":""},"categories":[4],"tags":[],"class_list":["post-79265","post","type-post","status-publish","format-standard","has-post-thumbnail","hentry","category-spor"],"_links":{"self":[{"href":"https:\/\/www.egemtv.com\/index.php?rest_route=\/wp\/v2\/posts\/79265","targetHints":{"allow":["GET"]}}],"collection":[{"href":"https:\/\/www.egemtv.com\/index.php?rest_route=\/wp\/v2\/posts"}],"about":[{"href":"https:\/\/www.egemtv.com\/index.php?rest_route=\/wp\/v2\/types\/post"}],"author":[{"embeddable":true,"href":"https:\/\/www.egemtv.com\/index.php?rest_route=\/wp\/v2\/users\/1"}],"replies":[{"embeddable":true,"href":"https:\/\/www.egemtv.com\/index.php?rest_route=%2Fwp%2Fv2%2Fcomments&post=79265"}],"version-history":[{"count":1,"href":"https:\/\/www.egemtv.com\/index.php?rest_route=\/wp\/v2\/posts\/79265\/revisions"}],"predecessor-version":[{"id":79267,"href":"https:\/\/www.egemtv.com\/index.php?rest_route=\/wp\/v2\/posts\/79265\/revisions\/79267"}],"wp:featuredmedia":[{"embeddable":true,"href":"https:\/\/www.egemtv.com\/index.php?rest_route=\/wp\/v2\/media\/79266"}],"wp:attachment":[{"href":"https:\/\/www.egemtv.com\/index.php?rest_route=%2Fwp%2Fv2%2Fmedia&parent=79265"}],"wp:term":[{"taxonomy":"category","embeddable":true,"href":"https:\/\/www.egemtv.com\/index.php?rest_route=%2Fwp%2Fv2%2Fcategories&post=79265"},{"taxonomy":"post_tag","embeddable":true,"href":"https:\/\/www.egemtv.com\/index.php?rest_route=%2Fwp%2Fv2%2Ftags&post=79265"}],"curies":[{"name":"wp","href":"https:\/\/api.w.org\/{rel}","templated":true}]}}