{"id":79262,"date":"2026-01-08T08:55:01","date_gmt":"2026-01-08T05:55:01","guid":{"rendered":"https:\/\/www.egemtv.com\/?p=79262"},"modified":"2026-01-08T08:55:01","modified_gmt":"2026-01-08T05:55:01","slug":"izmirde-eski-milli-sporcu-kazara-tufegiyle-vuruldu","status":"publish","type":"post","link":"https:\/\/www.egemtv.com\/?p=79262","title":{"rendered":"\u0130zmir\u2019de eski milli sporcu kazara t\u00fcfe\u011fiyle vuruldu"},"content":{"rendered":"<p>\u0130zmir\u2019in Tire il\u00e7esinde domuz av\u0131na \u00e7\u0131kan eski milli sporcu, s\u0131rt\u0131nda as\u0131l\u0131 bulunan av t\u00fcfe\u011finin kazara ate\u015f almas\u0131 sonucu vurularak hayat\u0131n\u0131 kaybetti.<br \/>\n<br \/>Olay, Hasan \u00c7avu\u015flar Mahallesi k\u0131rsal\u0131nda meydana geldi. Edinilen bilgiye g\u00f6re, domuz av\u0131na \u00e7\u0131kan eski T\u00fcrkiye Sualt\u0131 Sporlar\u0131 Federasyonu z\u0131pk\u0131nla bal\u0131k av\u0131 milli tak\u0131m sporcusu Sabri K\u0131l\u0131\u00e7 (45), makilik alandan ge\u00e7ti\u011fi s\u0131rada s\u0131rt\u0131nda as\u0131l\u0131 olan av t\u00fcfe\u011fi bir dala tak\u0131larak kazara ate\u015f ald\u0131. T\u00fcfekten \u00e7\u0131kan sa\u00e7malar\u0131n isabet etti\u011fi K\u0131l\u0131\u00e7, s\u0131rt\u0131ndan a\u011f\u0131r yaraland\u0131. Vatanda\u015flar\u0131n durumu 112 Acil \u00c7a\u011fr\u0131 Merkezine bildirmesi \u00fczerine olay yerine jandarma ve sa\u011fl\u0131k ekipleri sevk edildi. Sa\u011fl\u0131k ekipleri taraf\u0131ndan yap\u0131lan kontrollerde K\u0131l\u0131\u00e7\u2019\u0131n olay yerinde hayat\u0131n\u0131 kaybetti\u011fi belirlendi. K\u0131l\u0131\u00e7\u2019\u0131n cans\u0131z bedeni, savc\u0131n\u0131n incelemesinin ard\u0131ndan kesin \u00f6l\u00fcm nedeninin tespiti i\u00e7in \u0130zmir Adli T\u0131p Kurumu morguna kald\u0131r\u0131ld\u0131.<br \/><\/p>\n","protected":false},"excerpt":{"rendered":"<p>\u0130zmir\u2019in Tire il\u00e7esinde domuz av\u0131na \u00e7\u0131kan eski milli sporcu, s\u0131rt\u0131nda as\u0131l\u0131 bulunan av t\u00fcfe\u011finin kazara ate\u015f almas\u0131 sonucu vurularak hayat\u0131n\u0131 kaybetti. Olay, Hasan \u00c7avu\u015flar Mahallesi k\u0131rsal\u0131nda meydana geldi. Edinilen bilgiye g\u00f6re, domuz av\u0131na \u00e7\u0131kan eski T\u00fcrkiye Sualt\u0131 Sporlar\u0131 Federasyonu z\u0131pk\u0131nla bal\u0131k av\u0131 milli tak\u0131m sporcusu Sabri K\u0131l\u0131\u00e7 (45), makilik alandan ge\u00e7ti\u011fi s\u0131rada s\u0131rt\u0131nda as\u0131l\u0131 olan&#8230;<\/p>\n","protected":false},"author":1,"featured_media":79263,"comment_status":"open","ping_status":"open","sticky":false,"template":"","format":"standard","meta":{"_crdt_document":"","footnotes":""},"categories":[5],"tags":[],"class_list":["post-79262","post","type-post","status-publish","format-standard","has-post-thumbnail","hentry","category-asayis"],"_links":{"self":[{"href":"https:\/\/www.egemtv.com\/index.php?rest_route=\/wp\/v2\/posts\/79262","targetHints":{"allow":["GET"]}}],"collection":[{"href":"https:\/\/www.egemtv.com\/index.php?rest_route=\/wp\/v2\/posts"}],"about":[{"href":"https:\/\/www.egemtv.com\/index.php?rest_route=\/wp\/v2\/types\/post"}],"author":[{"embeddable":true,"href":"https:\/\/www.egemtv.com\/index.php?rest_route=\/wp\/v2\/users\/1"}],"replies":[{"embeddable":true,"href":"https:\/\/www.egemtv.com\/index.php?rest_route=%2Fwp%2Fv2%2Fcomments&post=79262"}],"version-history":[{"count":1,"href":"https:\/\/www.egemtv.com\/index.php?rest_route=\/wp\/v2\/posts\/79262\/revisions"}],"predecessor-version":[{"id":79264,"href":"https:\/\/www.egemtv.com\/index.php?rest_route=\/wp\/v2\/posts\/79262\/revisions\/79264"}],"wp:featuredmedia":[{"embeddable":true,"href":"https:\/\/www.egemtv.com\/index.php?rest_route=\/wp\/v2\/media\/79263"}],"wp:attachment":[{"href":"https:\/\/www.egemtv.com\/index.php?rest_route=%2Fwp%2Fv2%2Fmedia&parent=79262"}],"wp:term":[{"taxonomy":"category","embeddable":true,"href":"https:\/\/www.egemtv.com\/index.php?rest_route=%2Fwp%2Fv2%2Fcategories&post=79262"},{"taxonomy":"post_tag","embeddable":true,"href":"https:\/\/www.egemtv.com\/index.php?rest_route=%2Fwp%2Fv2%2Ftags&post=79262"}],"curies":[{"name":"wp","href":"https:\/\/api.w.org\/{rel}","templated":true}]}}