{"id":79259,"date":"2026-01-08T08:55:00","date_gmt":"2026-01-08T05:55:00","guid":{"rendered":"https:\/\/www.egemtv.com\/?p=79259"},"modified":"2026-01-08T08:55:01","modified_gmt":"2026-01-08T05:55:01","slug":"beyagac-belediyesi-ulasimi-olmayan-araziler-icin-yol-yapim-calismasini-surduruyor","status":"publish","type":"post","link":"https:\/\/www.egemtv.com\/?p=79259","title":{"rendered":"Beya\u011fa\u00e7 Belediyesi ula\u015f\u0131m\u0131 olmayan araziler i\u00e7in yol yap\u0131m \u00e7al\u0131\u015fmas\u0131n\u0131 s\u00fcrd\u00fcr\u00fcyor"},"content":{"rendered":"<p>Beya\u011fa\u00e7 Belediyesi taraf\u0131ndan, Suba\u015f\u0131 Mahallesi ile Kocaba\u011f Deresi mevkii aras\u0131nda kalan arazilere ula\u015f\u0131m sa\u011flamak i\u00e7in b\u00f6lgede yol yap\u0131m \u00e7al\u0131\u015fmalar\u0131 ba\u015flat\u0131ld\u0131.<br \/>\n<br \/>Daha \u00f6nce ula\u015f\u0131m imk\u00e2n\u0131 bulunmayan Beya\u011fa\u2019\u0131n Suba\u015f\u0131 Mahallesi ile Kocaba\u011f Deresi mevkii aras\u0131nda kalan arazilere eri\u015fim sa\u011flanmas\u0131n\u0131 ama\u00e7l\u0131yla Beya\u011fa\u00e7 Belediyesi tarf\u0131ndan yol yap\u0131m \u00e7al\u0131\u015fmalar\u0131 ba\u015flat\u0131ld\u0131.  Belediye ekiplerinin yo\u011fun mesai harcad\u0131\u011f\u0131 \u00e7al\u0131\u015fmalar\u0131, Beya\u011fa\u00e7 Belediye Ba\u015fkan\u0131 Sezayi P\u00fct\u00fcn yerinde inceleyerek yetkililerden bilgi ald\u0131. Ba\u015fkan P\u00fct\u00fcn, yap\u0131lan yol \u00e7al\u0131\u015fmalar\u0131yla birlikte hem tar\u0131m arazilerine ula\u015f\u0131m\u0131 kolayla\u015ft\u0131rmak ve  g\u00fcvenli ula\u015f\u0131m sa\u011flamak istediklerini ifade etti.<br \/>\n<br \/>Yol yap\u0131m \u00e7al\u0131\u015fmalar\u0131n\u0131n k\u0131sa s\u00fcrede tamamlanarak hizmete a\u00e7\u0131lmas\u0131 hedefleniyor.<br \/><\/p>\n","protected":false},"excerpt":{"rendered":"<p>Beya\u011fa\u00e7 Belediyesi taraf\u0131ndan, Suba\u015f\u0131 Mahallesi ile Kocaba\u011f Deresi mevkii aras\u0131nda kalan arazilere ula\u015f\u0131m sa\u011flamak i\u00e7in b\u00f6lgede yol yap\u0131m \u00e7al\u0131\u015fmalar\u0131 ba\u015flat\u0131ld\u0131. Daha \u00f6nce ula\u015f\u0131m imk\u00e2n\u0131 bulunmayan Beya\u011fa\u2019\u0131n Suba\u015f\u0131 Mahallesi ile Kocaba\u011f Deresi mevkii aras\u0131nda kalan arazilere eri\u015fim sa\u011flanmas\u0131n\u0131 ama\u00e7l\u0131yla Beya\u011fa\u00e7 Belediyesi tarf\u0131ndan yol yap\u0131m \u00e7al\u0131\u015fmalar\u0131 ba\u015flat\u0131ld\u0131. Belediye ekiplerinin yo\u011fun mesai harcad\u0131\u011f\u0131 \u00e7al\u0131\u015fmalar\u0131, Beya\u011fa\u00e7 Belediye Ba\u015fkan\u0131 Sezayi&#8230;<\/p>\n","protected":false},"author":1,"featured_media":79260,"comment_status":"open","ping_status":"open","sticky":false,"template":"","format":"standard","meta":{"_crdt_document":"","footnotes":""},"categories":[1],"tags":[],"class_list":["post-79259","post","type-post","status-publish","format-standard","has-post-thumbnail","hentry","category-guncel"],"_links":{"self":[{"href":"https:\/\/www.egemtv.com\/index.php?rest_route=\/wp\/v2\/posts\/79259","targetHints":{"allow":["GET"]}}],"collection":[{"href":"https:\/\/www.egemtv.com\/index.php?rest_route=\/wp\/v2\/posts"}],"about":[{"href":"https:\/\/www.egemtv.com\/index.php?rest_route=\/wp\/v2\/types\/post"}],"author":[{"embeddable":true,"href":"https:\/\/www.egemtv.com\/index.php?rest_route=\/wp\/v2\/users\/1"}],"replies":[{"embeddable":true,"href":"https:\/\/www.egemtv.com\/index.php?rest_route=%2Fwp%2Fv2%2Fcomments&post=79259"}],"version-history":[{"count":1,"href":"https:\/\/www.egemtv.com\/index.php?rest_route=\/wp\/v2\/posts\/79259\/revisions"}],"predecessor-version":[{"id":79261,"href":"https:\/\/www.egemtv.com\/index.php?rest_route=\/wp\/v2\/posts\/79259\/revisions\/79261"}],"wp:featuredmedia":[{"embeddable":true,"href":"https:\/\/www.egemtv.com\/index.php?rest_route=\/wp\/v2\/media\/79260"}],"wp:attachment":[{"href":"https:\/\/www.egemtv.com\/index.php?rest_route=%2Fwp%2Fv2%2Fmedia&parent=79259"}],"wp:term":[{"taxonomy":"category","embeddable":true,"href":"https:\/\/www.egemtv.com\/index.php?rest_route=%2Fwp%2Fv2%2Fcategories&post=79259"},{"taxonomy":"post_tag","embeddable":true,"href":"https:\/\/www.egemtv.com\/index.php?rest_route=%2Fwp%2Fv2%2Ftags&post=79259"}],"curies":[{"name":"wp","href":"https:\/\/api.w.org\/{rel}","templated":true}]}}