{"id":79256,"date":"2026-01-08T08:54:58","date_gmt":"2026-01-08T05:54:58","guid":{"rendered":"https:\/\/www.egemtv.com\/?p=79256"},"modified":"2026-01-08T08:54:59","modified_gmt":"2026-01-08T05:54:59","slug":"nazilli-kahveciler-odasinda-senkal-guven-tazeledi","status":"publish","type":"post","link":"https:\/\/www.egemtv.com\/?p=79256","title":{"rendered":"Nazilli Kahveciler Odas\u0131\u2019nda \u015eenkal g\u00fcven tazeledi"},"content":{"rendered":"<p>Ayd\u0131n\u2019da Nazilli Kahveciler Esnaf Odas\u0131\u2019n\u0131n tek adayla gitti\u011fi ola\u011fan genel kurulda mevcut Ba\u015fkan Birol \u015eenkal, g\u00fcven tazeledi.<br \/>\n<br \/>Nazilli Kahveciler Odas\u0131 Ola\u011fan Genel Kurulu, Nazilli Belediyesi i\u015ftiraklerinden Hangar Restaurant-Cafe\u2019de ger\u00e7ekle\u015ftirildi. \u00dc\u00e7 d\u00f6nemdir oda ba\u015fkanl\u0131\u011f\u0131 g\u00f6revini y\u00fcr\u00fcten Birol \u015eenkal\u2019\u0131n tek aday olarak kat\u0131ld\u0131\u011f\u0131 kongre, geni\u015f bir kat\u0131l\u0131mla yap\u0131ld\u0131. Genel kurul \u00f6ncesinde Ba\u015fkan \u015eenkal, \u00fcyelerine ve konuklar\u0131na ke\u015fkek ikram\u0131nda bulundu.<br \/>\n<br \/>723 \u00fcyesi bulunan odada yap\u0131lan kongrede 293 \u00fcye kat\u0131l\u0131m sa\u011flayarak oy kulland\u0131. Genel kurula T\u00fcrkiye Kahveciler, K\u0131raathaneciler ve B\u00fcfeciler Federasyonu Genel Ba\u015fkan\u0131 Murat A\u011fao\u011flu, Ayd\u0131n \u015eof\u00f6rler Odas\u0131 Ba\u015fkan\u0131 Semih \u00d6zmeri\u00e7, MHP Nazilli \u0130l\u00e7e Ba\u015fkan\u0131 Hasan Eren ile il\u00e7edeki \u00e7e\u015fitli esnaf odalar\u0131n\u0131n ba\u015fkanlar\u0131 ve \u00e7ok say\u0131da \u00fcye kat\u0131ld\u0131.<br \/>\n<br \/>Divan kurulunun olu\u015fturulmas\u0131n\u0131n ard\u0131ndan sayg\u0131 duru\u015fu ve \u0130stiklal Mar\u015f\u0131\u2019n\u0131n okunmas\u0131yla ba\u015flayan genel kurulda, faaliyet ve denetim raporlar\u0131 ibra edildi, mali tablo ile tahmini b\u00fct\u00e7e \u00fcyelerin onay\u0131na sunuldu. Kongrenin sonunda kullan\u0131lan 293 oyla Ba\u015fkan \u015eenkal g\u00fcven tazelemi\u015f oldu.<br \/>\n<br \/>&#8220;Her zaman \u00fcyelerimizin yan\u0131nda olduk&#8221;<br \/>\n<br \/>Te\u015fekk\u00fcr konu\u015fmas\u0131 yapan Birol \u015eenkal, 12 y\u0131ld\u0131r ba\u015fkanl\u0131k g\u00f6revinde oldu\u011funu belirterek, g\u00f6reve geldiklerinde odan\u0131n zor bir s\u00fcre\u00e7ten ge\u00e7ti\u011fini ifade etti. \u015eenkal, &#8220;G\u00f6revi devrald\u0131\u011f\u0131m\u0131zda odam\u0131z\u0131n durumu iyi de\u011fildi. Kirada olan bir yap\u0131dan bug\u00fcn iki m\u00fclke sahip bir odaya ula\u015ft\u0131k. Hizmet ara\u00e7lar\u0131m\u0131z\u0131 kazand\u0131rd\u0131k. \u00dcyelerimizin her zaman yan\u0131nda olduk, bundan sonra da olmaya devam edece\u011fim&#8221; dedi.<br \/>\n<br \/>Yap\u0131lan oylama sonucunda 293 oyla Birol \u015eenkal yeniden ba\u015fkan se\u00e7ilirken, y\u00f6netim kurulunda Mustafa Ali U\u00e7ar, Mehmet G\u00fcler, Haydar K\u0131rba\u015f, Veysel \u0130\u015flek, Beh\u00e7et \u00dcney ve Memduh Kocaman yer ald\u0131.<br \/><\/p>\n","protected":false},"excerpt":{"rendered":"<p>Ayd\u0131n\u2019da Nazilli Kahveciler Esnaf Odas\u0131\u2019n\u0131n tek adayla gitti\u011fi ola\u011fan genel kurulda mevcut Ba\u015fkan Birol \u015eenkal, g\u00fcven tazeledi. Nazilli Kahveciler Odas\u0131 Ola\u011fan Genel Kurulu, Nazilli Belediyesi i\u015ftiraklerinden Hangar Restaurant-Cafe\u2019de ger\u00e7ekle\u015ftirildi. \u00dc\u00e7 d\u00f6nemdir oda ba\u015fkanl\u0131\u011f\u0131 g\u00f6revini y\u00fcr\u00fcten Birol \u015eenkal\u2019\u0131n tek aday olarak kat\u0131ld\u0131\u011f\u0131 kongre, geni\u015f bir kat\u0131l\u0131mla yap\u0131ld\u0131. Genel kurul \u00f6ncesinde Ba\u015fkan \u015eenkal, \u00fcyelerine ve konuklar\u0131na ke\u015fkek&#8230;<\/p>\n","protected":false},"author":1,"featured_media":79257,"comment_status":"open","ping_status":"open","sticky":false,"template":"","format":"standard","meta":{"_crdt_document":"","footnotes":""},"categories":[127],"tags":[],"class_list":["post-79256","post","type-post","status-publish","format-standard","has-post-thumbnail","hentry","category-siyaset"],"_links":{"self":[{"href":"https:\/\/www.egemtv.com\/index.php?rest_route=\/wp\/v2\/posts\/79256","targetHints":{"allow":["GET"]}}],"collection":[{"href":"https:\/\/www.egemtv.com\/index.php?rest_route=\/wp\/v2\/posts"}],"about":[{"href":"https:\/\/www.egemtv.com\/index.php?rest_route=\/wp\/v2\/types\/post"}],"author":[{"embeddable":true,"href":"https:\/\/www.egemtv.com\/index.php?rest_route=\/wp\/v2\/users\/1"}],"replies":[{"embeddable":true,"href":"https:\/\/www.egemtv.com\/index.php?rest_route=%2Fwp%2Fv2%2Fcomments&post=79256"}],"version-history":[{"count":1,"href":"https:\/\/www.egemtv.com\/index.php?rest_route=\/wp\/v2\/posts\/79256\/revisions"}],"predecessor-version":[{"id":79258,"href":"https:\/\/www.egemtv.com\/index.php?rest_route=\/wp\/v2\/posts\/79256\/revisions\/79258"}],"wp:featuredmedia":[{"embeddable":true,"href":"https:\/\/www.egemtv.com\/index.php?rest_route=\/wp\/v2\/media\/79257"}],"wp:attachment":[{"href":"https:\/\/www.egemtv.com\/index.php?rest_route=%2Fwp%2Fv2%2Fmedia&parent=79256"}],"wp:term":[{"taxonomy":"category","embeddable":true,"href":"https:\/\/www.egemtv.com\/index.php?rest_route=%2Fwp%2Fv2%2Fcategories&post=79256"},{"taxonomy":"post_tag","embeddable":true,"href":"https:\/\/www.egemtv.com\/index.php?rest_route=%2Fwp%2Fv2%2Ftags&post=79256"}],"curies":[{"name":"wp","href":"https:\/\/api.w.org\/{rel}","templated":true}]}}