{"id":79253,"date":"2026-01-08T00:15:00","date_gmt":"2026-01-07T21:15:00","guid":{"rendered":"https:\/\/www.egemtv.com\/?p=79253"},"modified":"2026-01-08T00:15:01","modified_gmt":"2026-01-07T21:15:01","slug":"kutahyada-sehir-ici-toplu-tasima-ucretlerine-zam","status":"publish","type":"post","link":"https:\/\/www.egemtv.com\/?p=79253","title":{"rendered":"K\u00fctahya\u2019da \u015fehir i\u00e7i toplu ta\u015f\u0131ma \u00fccretlerine zam"},"content":{"rendered":"<p>K\u00fctahya\u2019da \u015fehir i\u00e7i toplu ta\u015f\u0131mada uygulanacak yeni bilet \u00fccretleri, Belediye Meclisi\u2019nde yap\u0131lan g\u00f6r\u00fc\u015fmelerin ard\u0131ndan oy \u00e7oklu\u011fuyla kabul edilerek y\u00fcr\u00fcrl\u00fc\u011fe girdi.<br \/>\n<br \/>K\u00fctahya Belediye Meclisi\u2019nin 3. D\u00f6nem 1. Ola\u011fan Toplant\u0131s\u0131, Belediye Ba\u015fkan\u0131 Ey\u00fcp Kahveci ba\u015fkanl\u0131\u011f\u0131nda ger\u00e7ekle\u015ftirildi. Yeni y\u0131l\u0131n ilk meclis toplant\u0131s\u0131nda g\u00fcndem maddeleri tek tek ele al\u0131n\u0131rken, \u015fehir i\u00e7i ula\u015f\u0131m\u0131 do\u011frudan ilgilendiren \u00fccret tarifesi g\u00f6r\u00fc\u015fmeleri \u00f6ne \u00e7\u0131kt\u0131. Toplant\u0131n\u0131n \u00fc\u00e7\u00fcnc\u00fc g\u00fcndem maddesinde, K\u00fctahya Minib\u00fcs\u00e7\u00fcler, Servis Ara\u00e7lar\u0131 ve Halk Otob\u00fcsleri Esnaf Odas\u0131 Ba\u015fkanl\u0131\u011f\u0131 taraf\u0131ndan sunulan fiyat art\u0131\u015f\u0131 talebi m\u00fczakere edildi.<br \/>\n<br \/>S\u00f6z konusu talep, Belediye Meclisi\u2019nin 3 Aral\u0131k 2025 tarihli ve 354 say\u0131l\u0131 karar\u0131yla Plan ve B\u00fct\u00e7e Komisyonu\u2019na sevk edilmi\u015fti. E\u015fel Mobil Sistemi kapsam\u0131nda de\u011ferlendirilen talep do\u011frultusunda haz\u0131rlanan komisyon raporu, meclis \u00fcyelerinin onay\u0131na sunuldu. Yap\u0131lan oylama sonucunda yeni tarife oy \u00e7oklu\u011fuyla kabul edildi.<br \/>\n<br \/>Kabul edilen d\u00fczenlemeye g\u00f6re, \u015fehir i\u00e7i toplu ula\u015f\u0131mda tam bini\u015f \u00fccreti 30 lira olarak belirlendi. \u0130lkokul ve lise \u00f6\u011frencileri i\u00e7in indirimli kart \u00fccreti 17 liraya, \u00fcniversite \u00f6\u011frencileri i\u00e7in bini\u015f \u00fccreti 24 liraya y\u00fckseltildi. \u00dcniversite \u00f6\u011frencilerine y\u00f6nelik ikamet kart\u0131 \u00fccreti 22 lira olarak g\u00fcncellenirken, \u00fcniversite hatt\u0131 olarak bilinen 16 numaral\u0131 hatta bini\u015f bedeli 12 lira oldu.<br \/>\n<br \/>Bas\u0131n kart\u0131 kullanan yolcular i\u00e7in \u00fccret 20 lira olarak belirlenirken, kredi kart\u0131 ile yap\u0131lan bini\u015flerde \u00fccret 30 lira, banka komisyonu ise 6 lira olarak uygulanacak. NFC ve QR kod ile yap\u0131lan temass\u0131z \u00f6demelerde bini\u015f \u00fccreti 38 lira olarak belirlendi. Aktarma \u00fccretinde ise herhangi bir de\u011fi\u015fikli\u011fe gidilmedi ve bu bedel 10 lira olarak korunmaya devam edecek.<br \/>\n<br \/>Yeni \u00fccretlerin, belediye taraf\u0131ndan belirlenecek tarihten itibaren uygulanaca\u011f\u0131 bildirildi.<br \/><\/p>\n","protected":false},"excerpt":{"rendered":"<p>K\u00fctahya\u2019da \u015fehir i\u00e7i toplu ta\u015f\u0131mada uygulanacak yeni bilet \u00fccretleri, Belediye Meclisi\u2019nde yap\u0131lan g\u00f6r\u00fc\u015fmelerin ard\u0131ndan oy \u00e7oklu\u011fuyla kabul edilerek y\u00fcr\u00fcrl\u00fc\u011fe girdi. K\u00fctahya Belediye Meclisi\u2019nin 3. D\u00f6nem 1. Ola\u011fan Toplant\u0131s\u0131, Belediye Ba\u015fkan\u0131 Ey\u00fcp Kahveci ba\u015fkanl\u0131\u011f\u0131nda ger\u00e7ekle\u015ftirildi. Yeni y\u0131l\u0131n ilk meclis toplant\u0131s\u0131nda g\u00fcndem maddeleri tek tek ele al\u0131n\u0131rken, \u015fehir i\u00e7i ula\u015f\u0131m\u0131 do\u011frudan ilgilendiren \u00fccret tarifesi g\u00f6r\u00fc\u015fmeleri \u00f6ne \u00e7\u0131kt\u0131&#8230;.<\/p>\n","protected":false},"author":1,"featured_media":79254,"comment_status":"open","ping_status":"open","sticky":false,"template":"","format":"standard","meta":{"_crdt_document":"","footnotes":""},"categories":[123],"tags":[],"class_list":["post-79253","post","type-post","status-publish","format-standard","has-post-thumbnail","hentry","category-gundem"],"_links":{"self":[{"href":"https:\/\/www.egemtv.com\/index.php?rest_route=\/wp\/v2\/posts\/79253","targetHints":{"allow":["GET"]}}],"collection":[{"href":"https:\/\/www.egemtv.com\/index.php?rest_route=\/wp\/v2\/posts"}],"about":[{"href":"https:\/\/www.egemtv.com\/index.php?rest_route=\/wp\/v2\/types\/post"}],"author":[{"embeddable":true,"href":"https:\/\/www.egemtv.com\/index.php?rest_route=\/wp\/v2\/users\/1"}],"replies":[{"embeddable":true,"href":"https:\/\/www.egemtv.com\/index.php?rest_route=%2Fwp%2Fv2%2Fcomments&post=79253"}],"version-history":[{"count":1,"href":"https:\/\/www.egemtv.com\/index.php?rest_route=\/wp\/v2\/posts\/79253\/revisions"}],"predecessor-version":[{"id":79255,"href":"https:\/\/www.egemtv.com\/index.php?rest_route=\/wp\/v2\/posts\/79253\/revisions\/79255"}],"wp:featuredmedia":[{"embeddable":true,"href":"https:\/\/www.egemtv.com\/index.php?rest_route=\/wp\/v2\/media\/79254"}],"wp:attachment":[{"href":"https:\/\/www.egemtv.com\/index.php?rest_route=%2Fwp%2Fv2%2Fmedia&parent=79253"}],"wp:term":[{"taxonomy":"category","embeddable":true,"href":"https:\/\/www.egemtv.com\/index.php?rest_route=%2Fwp%2Fv2%2Fcategories&post=79253"},{"taxonomy":"post_tag","embeddable":true,"href":"https:\/\/www.egemtv.com\/index.php?rest_route=%2Fwp%2Fv2%2Ftags&post=79253"}],"curies":[{"name":"wp","href":"https:\/\/api.w.org\/{rel}","templated":true}]}}