{"id":79250,"date":"2026-01-07T23:54:40","date_gmt":"2026-01-07T20:54:40","guid":{"rendered":"https:\/\/www.egemtv.com\/?p=79250"},"modified":"2026-01-07T23:54:41","modified_gmt":"2026-01-07T20:54:41","slug":"aydinda-domuz-eti-ile-kavurma-ikrami-iddiasina-yalanlama","status":"publish","type":"post","link":"https:\/\/www.egemtv.com\/?p=79250","title":{"rendered":"Ayd\u0131n\u2019da \u2019domuz eti ile kavurma ikram\u0131\u2019 iddias\u0131na yalanlama"},"content":{"rendered":"<p>Ayd\u0131n\u2019da \u2019domuz eti ile kavurma ikram edildi\u011fi\u2019 iddialar\u0131na y\u00f6nelik a\u00e7\u0131klama yapan Ayd\u0131n Valili\u011fi, hayr\u0131n 2015 y\u0131l\u0131nda yap\u0131ld\u0131\u011f\u0131n\u0131 ancak domuz eti ile ikram iddialar\u0131na y\u00f6nelik o d\u00f6nemde herhangi bir ihbar veya resmi bir ba\u015fvurunun olmad\u0131\u011f\u0131n\u0131 a\u00e7\u0131klad\u0131.<br \/>\n<br \/>Ayd\u0131n\u2019\u0131n Efeler il\u00e7esinde domuz eti ile kavurma ikram edildi\u011fi y\u00f6n\u00fcnde \u00e7\u0131kan iddialara ili\u015fkin Ayd\u0131n Valili\u011fi\u2019nden a\u00e7\u0131klama geldi. S\u00f6z konusu olay\u0131n 2015 y\u0131l\u0131nda ya\u015fand\u0131\u011f\u0131n\u0131n tespit edildi\u011fi ancak domuz eti ile ikram iddialar\u0131na y\u00f6nelik o d\u00f6nemde herhangi bir ihbar veya resmi bir ba\u015fvurunun olmad\u0131\u011f\u0131n\u0131 a\u00e7\u0131klayan Valilik, 2016 y\u0131l\u0131nda iddiada ismi ge\u00e7en C.C. isimli \u015fahsa ait adreslerde muhtelif miktarlarda domuz etinin ele ge\u00e7irildi\u011fini belirtti. S\u00f6z konusu iddialar\u0131n \u2019g\u00fcncel bir olaym\u0131\u015f\u2019 \u015feklinde alg\u0131 olu\u015fturuldu\u011fu da vurgulanan a\u00e7\u0131klamada, &#8220;Son g\u00fcnlerde yerel ve ulusal medyada yer alan C.C. isimli \u015fahs\u0131n 2015 y\u0131l\u0131nda ger\u00e7ekle\u015fti\u011fini iddia etti\u011fi \u2019Ayd\u0131nl\u0131lara hay\u0131r ama\u00e7l\u0131 bir etkinlikte 500 kilogram domuz eti yedirildi\u011fi\u2019 y\u00f6n\u00fcndeki beyan\u0131na ili\u015fkin haberlerin, kamuoyunda s\u00f6z konusu eylemin g\u00fcncel bir durum oldu\u011fu y\u00f6n\u00fcnde yanl\u0131\u015f bir alg\u0131ya yol a\u00e7t\u0131\u011f\u0131 g\u00f6r\u00fclm\u00fc\u015ft\u00fcr. Yap\u0131lan incelemelerde, bahse konu iddian\u0131n 2015 y\u0131l\u0131na ait oldu\u011fu anla\u015f\u0131lm\u0131\u015f ancak iddia edilen olayla ilgili olarak s\u00f6z konusu y\u0131l i\u00e7erisinde herhangi bir ihbar veya resmi ba\u015fvurunun bulunmad\u0131\u011f\u0131 tespit edilmi\u015ftir. \u00d6te yandan, C.C. isimli \u015fah\u0131s hakk\u0131nda 2016 y\u0131l\u0131 i\u00e7erisinde Efeler \u0130l\u00e7e Tar\u0131m ve Orman M\u00fcd\u00fcrl\u00fc\u011f\u00fc\u2019ne gelen ihbarlar do\u011frultusunda belirtilen adreslerde ger\u00e7ekle\u015ftirilen denetimlerde muhtelif miktarlarda domuz eti tespit edilmi\u015f, tespit edilen bu olumsuzluklar nedeniyle ilgili mevzuat kapsam\u0131nda gerekli idari ve adli i\u015flemler eksiksiz \u015fekilde uygulanm\u0131\u015ft\u0131r. Halk sa\u011fl\u0131\u011f\u0131n\u0131n korunmas\u0131 ve g\u0131da g\u00fcvenli\u011finin sa\u011flanmas\u0131 amac\u0131yla Valili\u011fimiz koordinesinde y\u00fcr\u00fct\u00fclen kontrol ve denetim faaliyetleri, il genelinde mevzuat \u00e7er\u00e7evesinde titizlikle ve kararl\u0131l\u0131kla s\u00fcrd\u00fcr\u00fclmektedir&#8221; ifadeleri yer ald\u0131.<br \/><\/p>\n","protected":false},"excerpt":{"rendered":"<p>Ayd\u0131n\u2019da \u2019domuz eti ile kavurma ikram edildi\u011fi\u2019 iddialar\u0131na y\u00f6nelik a\u00e7\u0131klama yapan Ayd\u0131n Valili\u011fi, hayr\u0131n 2015 y\u0131l\u0131nda yap\u0131ld\u0131\u011f\u0131n\u0131 ancak domuz eti ile ikram iddialar\u0131na y\u00f6nelik o d\u00f6nemde herhangi bir ihbar veya resmi bir ba\u015fvurunun olmad\u0131\u011f\u0131n\u0131 a\u00e7\u0131klad\u0131. Ayd\u0131n\u2019\u0131n Efeler il\u00e7esinde domuz eti ile kavurma ikram edildi\u011fi y\u00f6n\u00fcnde \u00e7\u0131kan iddialara ili\u015fkin Ayd\u0131n Valili\u011fi\u2019nden a\u00e7\u0131klama geldi. S\u00f6z konusu olay\u0131n&#8230;<\/p>\n","protected":false},"author":1,"featured_media":79251,"comment_status":"open","ping_status":"open","sticky":false,"template":"","format":"standard","meta":{"_crdt_document":"","footnotes":""},"categories":[1],"tags":[],"class_list":["post-79250","post","type-post","status-publish","format-standard","has-post-thumbnail","hentry","category-guncel"],"_links":{"self":[{"href":"https:\/\/www.egemtv.com\/index.php?rest_route=\/wp\/v2\/posts\/79250","targetHints":{"allow":["GET"]}}],"collection":[{"href":"https:\/\/www.egemtv.com\/index.php?rest_route=\/wp\/v2\/posts"}],"about":[{"href":"https:\/\/www.egemtv.com\/index.php?rest_route=\/wp\/v2\/types\/post"}],"author":[{"embeddable":true,"href":"https:\/\/www.egemtv.com\/index.php?rest_route=\/wp\/v2\/users\/1"}],"replies":[{"embeddable":true,"href":"https:\/\/www.egemtv.com\/index.php?rest_route=%2Fwp%2Fv2%2Fcomments&post=79250"}],"version-history":[{"count":1,"href":"https:\/\/www.egemtv.com\/index.php?rest_route=\/wp\/v2\/posts\/79250\/revisions"}],"predecessor-version":[{"id":79252,"href":"https:\/\/www.egemtv.com\/index.php?rest_route=\/wp\/v2\/posts\/79250\/revisions\/79252"}],"wp:featuredmedia":[{"embeddable":true,"href":"https:\/\/www.egemtv.com\/index.php?rest_route=\/wp\/v2\/media\/79251"}],"wp:attachment":[{"href":"https:\/\/www.egemtv.com\/index.php?rest_route=%2Fwp%2Fv2%2Fmedia&parent=79250"}],"wp:term":[{"taxonomy":"category","embeddable":true,"href":"https:\/\/www.egemtv.com\/index.php?rest_route=%2Fwp%2Fv2%2Fcategories&post=79250"},{"taxonomy":"post_tag","embeddable":true,"href":"https:\/\/www.egemtv.com\/index.php?rest_route=%2Fwp%2Fv2%2Ftags&post=79250"}],"curies":[{"name":"wp","href":"https:\/\/api.w.org\/{rel}","templated":true}]}}