{"id":79247,"date":"2026-01-07T23:54:39","date_gmt":"2026-01-07T20:54:39","guid":{"rendered":"https:\/\/www.egemtv.com\/?p=79247"},"modified":"2026-01-07T23:54:40","modified_gmt":"2026-01-07T20:54:40","slug":"hisarcikta-otomobil-ile-motosiklete-carpisti-2-yarali","status":"publish","type":"post","link":"https:\/\/www.egemtv.com\/?p=79247","title":{"rendered":"Hisarc\u0131k\u2019ta otomobil ile motosiklete \u00e7arp\u0131\u015ft\u0131: 2 yaral\u0131"},"content":{"rendered":"<p>K\u00fctahya\u2019n\u0131n Hisarc\u0131k il\u00e7esinde otomobil ile motosikletin \u00e7arp\u0131\u015fmas\u0131 sonucu meydana gelen trafik kazas\u0131nda 2 ki\u015fi yaraland\u0131.<br \/>\n<br \/>Kaza, Hisarc\u0131k-Simav karayolu Ba\u011flaryan\u0131 mevkiinde saat 22.00 s\u0131ralar\u0131nda meydana geldi. Osman G. y\u00f6netimindeki 43 PL 817 plakal\u0131 otomobil, Anahtar Parti Hisarc\u0131k \u0130l\u00e7e Ba\u015fkan\u0131 Aziz \u0130nal idaresindeki 43 AGB 751 plakal\u0131 motosiklete \u00e7arpt\u0131. \u00c7arpman\u0131n etkisiyle kontrolden \u00e7\u0131kan otomobil, yol kenar\u0131nda bulunan istinat duvar\u0131na \u00e7arparak durabildi.<br \/>\n<br \/>\u0130hbar \u00fczerine olay yerine sa\u011fl\u0131k, jandarma ve itfaiye ekipleri sevk edildi. Kazada yaralanan s\u00fcr\u00fcc\u00fcler, ambulanslarla Emet Dr. Faz\u0131l Do\u011fan Devlet Hastanesine kald\u0131r\u0131larak tedavi alt\u0131na al\u0131nd\u0131. Yaral\u0131lar\u0131n hayati tehlikelerinin bulunmad\u0131\u011f\u0131 \u00f6\u011frenildi.<br \/>\n<br \/>Kazayla ilgili soru\u015fturma ba\u015flat\u0131ld\u0131.<br \/><\/p>\n","protected":false},"excerpt":{"rendered":"<p>K\u00fctahya\u2019n\u0131n Hisarc\u0131k il\u00e7esinde otomobil ile motosikletin \u00e7arp\u0131\u015fmas\u0131 sonucu meydana gelen trafik kazas\u0131nda 2 ki\u015fi yaraland\u0131. Kaza, Hisarc\u0131k-Simav karayolu Ba\u011flaryan\u0131 mevkiinde saat 22.00 s\u0131ralar\u0131nda meydana geldi. Osman G. y\u00f6netimindeki 43 PL 817 plakal\u0131 otomobil, Anahtar Parti Hisarc\u0131k \u0130l\u00e7e Ba\u015fkan\u0131 Aziz \u0130nal idaresindeki 43 AGB 751 plakal\u0131 motosiklete \u00e7arpt\u0131. \u00c7arpman\u0131n etkisiyle kontrolden \u00e7\u0131kan otomobil, yol kenar\u0131nda bulunan&#8230;<\/p>\n","protected":false},"author":1,"featured_media":79248,"comment_status":"open","ping_status":"open","sticky":false,"template":"","format":"standard","meta":{"_crdt_document":"","footnotes":""},"categories":[5],"tags":[],"class_list":["post-79247","post","type-post","status-publish","format-standard","has-post-thumbnail","hentry","category-asayis"],"_links":{"self":[{"href":"https:\/\/www.egemtv.com\/index.php?rest_route=\/wp\/v2\/posts\/79247","targetHints":{"allow":["GET"]}}],"collection":[{"href":"https:\/\/www.egemtv.com\/index.php?rest_route=\/wp\/v2\/posts"}],"about":[{"href":"https:\/\/www.egemtv.com\/index.php?rest_route=\/wp\/v2\/types\/post"}],"author":[{"embeddable":true,"href":"https:\/\/www.egemtv.com\/index.php?rest_route=\/wp\/v2\/users\/1"}],"replies":[{"embeddable":true,"href":"https:\/\/www.egemtv.com\/index.php?rest_route=%2Fwp%2Fv2%2Fcomments&post=79247"}],"version-history":[{"count":1,"href":"https:\/\/www.egemtv.com\/index.php?rest_route=\/wp\/v2\/posts\/79247\/revisions"}],"predecessor-version":[{"id":79249,"href":"https:\/\/www.egemtv.com\/index.php?rest_route=\/wp\/v2\/posts\/79247\/revisions\/79249"}],"wp:featuredmedia":[{"embeddable":true,"href":"https:\/\/www.egemtv.com\/index.php?rest_route=\/wp\/v2\/media\/79248"}],"wp:attachment":[{"href":"https:\/\/www.egemtv.com\/index.php?rest_route=%2Fwp%2Fv2%2Fmedia&parent=79247"}],"wp:term":[{"taxonomy":"category","embeddable":true,"href":"https:\/\/www.egemtv.com\/index.php?rest_route=%2Fwp%2Fv2%2Fcategories&post=79247"},{"taxonomy":"post_tag","embeddable":true,"href":"https:\/\/www.egemtv.com\/index.php?rest_route=%2Fwp%2Fv2%2Ftags&post=79247"}],"curies":[{"name":"wp","href":"https:\/\/api.w.org\/{rel}","templated":true}]}}