{"id":79244,"date":"2026-01-07T23:34:39","date_gmt":"2026-01-07T20:34:39","guid":{"rendered":"https:\/\/www.egemtv.com\/?p=79244"},"modified":"2026-01-07T23:34:41","modified_gmt":"2026-01-07T20:34:41","slug":"kusadasi-belediyesi-meclis-uyesi-apaydin-biz-sadece-halkimiza-verdigimiz-hizmet-aksamasin-istiyoruz","status":"publish","type":"post","link":"https:\/\/www.egemtv.com\/?p=79244","title":{"rendered":"Ku\u015fadas\u0131 Belediyesi Meclis \u00dcyesi Apayd\u0131n: &#8220;Biz sadece halk\u0131m\u0131za verdi\u011fimiz hizmet aksamas\u0131n istiyoruz&#8221;"},"content":{"rendered":"<p>Ku\u015fadas\u0131\u2019nda gerilime neden olan ya\u015fananlarla ilgili a\u00e7\u0131klama yapan Ku\u015fadas\u0131 Belediyesi Meclis \u00dcyesi T\u00fcmer Apayd\u0131n, hizmetlerin aksamamas\u0131 i\u00e7in bahse konu yere \u00e7ad\u0131r kurmak istediklerini s\u00f6yledi.<\/p>\n<p>Ya\u015fananlarla ilgili a\u00e7\u0131klama yapan Ku\u015fadas\u0131 Belediyesi Meclis \u00dcyesi T\u00fcmer Apayd\u0131n, &#8220;Ayd\u0131n B\u00fcy\u00fck\u015fehir Belediyesi, bizim halk\u0131m\u0131za hizmet vermek i\u00e7in kulland\u0131\u011f\u0131m\u0131z ve Kentli Hizmet Servisi ile G\u00fcvercin Masa\u2019n\u0131n bulundu\u011fu zemin kat\u0131n tahliyesini istemi\u015fti. Bununla ilgili de mahkeme y\u00fcr\u00fctmeyi durdurma karar\u0131 vermi\u015fti. Ancak karar kalkt\u0131. \u0130lerleyen g\u00fcnlerde her iki birimimizin kulland\u0131\u011f\u0131 alanlar\u0131 tahliye etmek zorunda kalaca\u011f\u0131z. Biz de bunun \u00fczerine Kentli Hizmet Servisi ile G\u00fcvercin Masa\u2019n\u0131n yeni yer bulunana kadar vatanda\u015flar\u0131m\u0131za verece\u011fi hizmetlerin aksamamas\u0131 amac\u0131yla belediye hizmet binas\u0131n\u0131n d\u0131\u015f\u0131na bir \u00e7ad\u0131r kurmaya ba\u015flad\u0131k. Ancak Ayd\u0131n B\u00fcy\u00fck\u015fehir Belediyesi\u2019nin zab\u0131tas\u0131 hi\u00e7bir resm\u00ee yaz\u0131 ve uyar\u0131 g\u00f6ndermeden \u00e7ad\u0131r\u0131 kald\u0131rmaya kalkt\u0131. E\u011fer ortada usuls\u00fcz bir durum varsa bunu gidermenin yolu mahkemelerdir. Sonu\u00e7ta hukuk devletiyiz. Ama hi\u00e7bir resmi karar yokken bu kadar insana gerginlik ya\u015fatman\u0131n bir anlam\u0131 yok. Ku\u015fadas\u0131 Belediyesi sadece vatanda\u015f odakl\u0131 hizmetlerinin aksamaya u\u011framas\u0131n\u0131 istemiyor. Gece vakti bask\u0131n yapar gibi \u00e7ad\u0131r\u0131 s\u00f6kmeye gelmek \u00e7ok yanl\u0131\u015f. Ku\u015fadas\u0131 halk\u0131 ger\u00e7ekleri ve nelerin ya\u015fand\u0131\u011f\u0131n\u0131 biliyor. Biz ba\u015fkan\u0131m\u0131z \u00d6mer G\u00fcnel ile birlikte gece, g\u00fcnd\u00fcz halk\u0131m\u0131za hizmet etmek i\u00e7in \u00e7al\u0131\u015f\u0131yoruz&#8221; diye konu\u015ftu.<br \/><\/p>\n","protected":false},"excerpt":{"rendered":"<p>Ku\u015fadas\u0131\u2019nda gerilime neden olan ya\u015fananlarla ilgili a\u00e7\u0131klama yapan Ku\u015fadas\u0131 Belediyesi Meclis \u00dcyesi T\u00fcmer Apayd\u0131n, hizmetlerin aksamamas\u0131 i\u00e7in bahse konu yere \u00e7ad\u0131r kurmak istediklerini s\u00f6yledi. Ya\u015fananlarla ilgili a\u00e7\u0131klama yapan Ku\u015fadas\u0131 Belediyesi Meclis \u00dcyesi T\u00fcmer Apayd\u0131n, &#8220;Ayd\u0131n B\u00fcy\u00fck\u015fehir Belediyesi, bizim halk\u0131m\u0131za hizmet vermek i\u00e7in kulland\u0131\u011f\u0131m\u0131z ve Kentli Hizmet Servisi ile G\u00fcvercin Masa\u2019n\u0131n bulundu\u011fu zemin kat\u0131n tahliyesini istemi\u015fti&#8230;.<\/p>\n","protected":false},"author":1,"featured_media":79245,"comment_status":"open","ping_status":"open","sticky":false,"template":"","format":"standard","meta":{"_crdt_document":"","footnotes":""},"categories":[1],"tags":[],"class_list":["post-79244","post","type-post","status-publish","format-standard","has-post-thumbnail","hentry","category-guncel"],"_links":{"self":[{"href":"https:\/\/www.egemtv.com\/index.php?rest_route=\/wp\/v2\/posts\/79244","targetHints":{"allow":["GET"]}}],"collection":[{"href":"https:\/\/www.egemtv.com\/index.php?rest_route=\/wp\/v2\/posts"}],"about":[{"href":"https:\/\/www.egemtv.com\/index.php?rest_route=\/wp\/v2\/types\/post"}],"author":[{"embeddable":true,"href":"https:\/\/www.egemtv.com\/index.php?rest_route=\/wp\/v2\/users\/1"}],"replies":[{"embeddable":true,"href":"https:\/\/www.egemtv.com\/index.php?rest_route=%2Fwp%2Fv2%2Fcomments&post=79244"}],"version-history":[{"count":1,"href":"https:\/\/www.egemtv.com\/index.php?rest_route=\/wp\/v2\/posts\/79244\/revisions"}],"predecessor-version":[{"id":79246,"href":"https:\/\/www.egemtv.com\/index.php?rest_route=\/wp\/v2\/posts\/79244\/revisions\/79246"}],"wp:featuredmedia":[{"embeddable":true,"href":"https:\/\/www.egemtv.com\/index.php?rest_route=\/wp\/v2\/media\/79245"}],"wp:attachment":[{"href":"https:\/\/www.egemtv.com\/index.php?rest_route=%2Fwp%2Fv2%2Fmedia&parent=79244"}],"wp:term":[{"taxonomy":"category","embeddable":true,"href":"https:\/\/www.egemtv.com\/index.php?rest_route=%2Fwp%2Fv2%2Fcategories&post=79244"},{"taxonomy":"post_tag","embeddable":true,"href":"https:\/\/www.egemtv.com\/index.php?rest_route=%2Fwp%2Fv2%2Ftags&post=79244"}],"curies":[{"name":"wp","href":"https:\/\/api.w.org\/{rel}","templated":true}]}}