{"id":79241,"date":"2026-01-07T23:14:34","date_gmt":"2026-01-07T20:14:34","guid":{"rendered":"https:\/\/www.egemtv.com\/?p=79241"},"modified":"2026-01-07T23:14:35","modified_gmt":"2026-01-07T20:14:35","slug":"ders-saatinde-ogrencileri-evine-goturup-temizlik-yaptiran-ogretmene-sorusturma","status":"publish","type":"post","link":"https:\/\/www.egemtv.com\/?p=79241","title":{"rendered":"Ders saatinde \u00f6\u011frencileri evine g\u00f6t\u00fcr\u00fcp temizlik yapt\u0131ran \u00f6\u011fretmene soru\u015fturma"},"content":{"rendered":"<p>\u0130zmir\u2019in Bornova il\u00e7esindeki bir mesleki e\u011fitim merkezinde g\u00f6revli \u00f6\u011fretmenin, k\u0131z \u00f6\u011frencileri ders saatinde okuldan \u00e7\u0131kararak kendi evine g\u00f6t\u00fcrd\u00fc\u011f\u00fc ve temizlik i\u015flerinde \u00e7al\u0131\u015ft\u0131rd\u0131\u011f\u0131 iddias\u0131 \u00fczerine idari soru\u015fturma ba\u015flat\u0131ld\u0131.<br \/>\n<br \/>Edinilen bilgiye g\u00f6re olay, 4 Kas\u0131m 2025 tarihinde Bornova\u2019da bulunan bir mesleki e\u011fitim merkezinde meydana geldi. \u0130ddiaya g\u00f6re, okulda g\u00f6revli T\u00fcrk Dili ve Edebiyat\u0131 \u00d6\u011fretmeni D.T., ya\u015flar\u0131 16 olan \u015e.A., E.K, D.D., A.Y., E.N.K. ve N.K. isimli 6 k\u0131z \u00f6\u011frenciyi okul y\u00f6netimi ve velilerin bilgisi haricinde ders saatleri i\u00e7erisinde okul d\u0131\u015f\u0131na \u00e7\u0131kard\u0131. \u00d6\u011frencilerin, g\u00fcvenlik kameralar\u0131n\u0131n g\u00f6r\u00fc\u015f a\u00e7\u0131s\u0131 d\u0131\u015f\u0131nda kalan bir noktadan \u00f6zel araca bindirilerek \u00f6\u011fretmenin yeni ta\u015f\u0131nd\u0131\u011f\u0131 eve g\u00f6t\u00fcr\u00fcld\u00fc\u011f\u00fc \u00f6ne s\u00fcr\u00fcld\u00fc. Velilerin \u015fikayet dilek\u00e7elerine yans\u0131yan iddialara g\u00f6re; okula e\u011fitim g\u00f6rmek amac\u0131yla giden \u00f6\u011frenciler, g\u00fcn boyu \u00f6\u011fretmenin evinde koli ta\u015f\u0131ma, e\u015fya toplama ve temizlik gibi i\u015flerde \u00e7al\u0131\u015ft\u0131r\u0131ld\u0131. \u00d6\u011frencilerin e\u011fitim haklar\u0131ndan mahrum b\u0131rak\u0131ld\u0131\u011f\u0131 ve velilerin r\u0131zas\u0131 olmadan bu eylemin ger\u00e7ekle\u015ftirildi\u011fi savunuldu. G\u00fcn sonunda \u00f6\u011frencilere yiyecek veya ula\u015f\u0131m imkan\u0131 sa\u011flanmad\u0131\u011f\u0131 da iddialar aras\u0131nda yer ald\u0131. \u00d6\u011frencilerin i\u015f bitiminde Bayrakl\u0131 TOK\u0130 b\u00f6lgesinden \u015eehir Hastanesi istikametine kadar y\u00fcr\u00fcd\u00fckleri, daha sonra kendi imkanlar\u0131yla toplu ta\u015f\u0131ma kullanarak evlerine d\u00f6nebildikleri belirtildi.<\/p>\n<p>Soru\u015fturma dosyas\u0131nda foto\u011fraflar yer ald\u0131<br \/>\n<br \/>Velilerin \u0130zmir \u0130l Milli E\u011fitim M\u00fcd\u00fcrl\u00fc\u011f\u00fcne yapt\u0131\u011f\u0131 ba\u015fvuruda, \u00f6\u011fretmenin evinde \u00e7ekildi\u011fi iddia edilen baz\u0131 foto\u011fraflar da delil olarak sunuldu. Dosyaya giren g\u00f6r\u00fcnt\u00fclerde; \u00f6\u011frencilerin bulundu\u011fu ortamda sigara ve alkol \u015fi\u015felerinin yer ald\u0131\u011f\u0131, bu durumun \u00e7ocuklar\u0131n g\u00fcvenli\u011fi a\u00e7\u0131s\u0131ndan risk olu\u015fturdu\u011fu ifade edildi.<\/p>\n<p>\u0130l Milli E\u011fitim M\u00fcd\u00fcrl\u00fc\u011f\u00fc harekete ge\u00e7ti<br \/>\n<br \/>Konuyla ilgili olarak velilerin, olay\u0131n Milli E\u011fitim Temel Kanunu ve \u00c7ocuk Koruma Kanunu\u2019na ayk\u0131r\u0131l\u0131k te\u015fkil etti\u011fi gerek\u00e7esiyle \u015fikayet\u00e7i olmas\u0131n\u0131n ard\u0131ndan \u0130zmir \u0130l Milli E\u011fitim M\u00fcd\u00fcrl\u00fc\u011f\u00fc taraf\u0131ndan \u00f6\u011fretmen hakk\u0131nda idari soru\u015fturma ba\u015flat\u0131ld\u0131\u011f\u0131 \u00f6\u011frenildi.<br \/><\/p>\n","protected":false},"excerpt":{"rendered":"<p>\u0130zmir\u2019in Bornova il\u00e7esindeki bir mesleki e\u011fitim merkezinde g\u00f6revli \u00f6\u011fretmenin, k\u0131z \u00f6\u011frencileri ders saatinde okuldan \u00e7\u0131kararak kendi evine g\u00f6t\u00fcrd\u00fc\u011f\u00fc ve temizlik i\u015flerinde \u00e7al\u0131\u015ft\u0131rd\u0131\u011f\u0131 iddias\u0131 \u00fczerine idari soru\u015fturma ba\u015flat\u0131ld\u0131. Edinilen bilgiye g\u00f6re olay, 4 Kas\u0131m 2025 tarihinde Bornova\u2019da bulunan bir mesleki e\u011fitim merkezinde meydana geldi. \u0130ddiaya g\u00f6re, okulda g\u00f6revli T\u00fcrk Dili ve Edebiyat\u0131 \u00d6\u011fretmeni D.T., ya\u015flar\u0131 16&#8230;<\/p>\n","protected":false},"author":1,"featured_media":79242,"comment_status":"open","ping_status":"open","sticky":false,"template":"","format":"standard","meta":{"_crdt_document":"","footnotes":""},"categories":[5],"tags":[],"class_list":["post-79241","post","type-post","status-publish","format-standard","has-post-thumbnail","hentry","category-asayis"],"_links":{"self":[{"href":"https:\/\/www.egemtv.com\/index.php?rest_route=\/wp\/v2\/posts\/79241","targetHints":{"allow":["GET"]}}],"collection":[{"href":"https:\/\/www.egemtv.com\/index.php?rest_route=\/wp\/v2\/posts"}],"about":[{"href":"https:\/\/www.egemtv.com\/index.php?rest_route=\/wp\/v2\/types\/post"}],"author":[{"embeddable":true,"href":"https:\/\/www.egemtv.com\/index.php?rest_route=\/wp\/v2\/users\/1"}],"replies":[{"embeddable":true,"href":"https:\/\/www.egemtv.com\/index.php?rest_route=%2Fwp%2Fv2%2Fcomments&post=79241"}],"version-history":[{"count":1,"href":"https:\/\/www.egemtv.com\/index.php?rest_route=\/wp\/v2\/posts\/79241\/revisions"}],"predecessor-version":[{"id":79243,"href":"https:\/\/www.egemtv.com\/index.php?rest_route=\/wp\/v2\/posts\/79241\/revisions\/79243"}],"wp:featuredmedia":[{"embeddable":true,"href":"https:\/\/www.egemtv.com\/index.php?rest_route=\/wp\/v2\/media\/79242"}],"wp:attachment":[{"href":"https:\/\/www.egemtv.com\/index.php?rest_route=%2Fwp%2Fv2%2Fmedia&parent=79241"}],"wp:term":[{"taxonomy":"category","embeddable":true,"href":"https:\/\/www.egemtv.com\/index.php?rest_route=%2Fwp%2Fv2%2Fcategories&post=79241"},{"taxonomy":"post_tag","embeddable":true,"href":"https:\/\/www.egemtv.com\/index.php?rest_route=%2Fwp%2Fv2%2Ftags&post=79241"}],"curies":[{"name":"wp","href":"https:\/\/api.w.org\/{rel}","templated":true}]}}