{"id":79238,"date":"2026-01-07T23:14:33","date_gmt":"2026-01-07T20:14:33","guid":{"rendered":"https:\/\/www.egemtv.com\/?p=79238"},"modified":"2026-01-07T23:14:34","modified_gmt":"2026-01-07T20:14:34","slug":"kutahya-ve-tavsanli-semalarinda-sira-sira-isiklar-goruldu","status":"publish","type":"post","link":"https:\/\/www.egemtv.com\/?p=79238","title":{"rendered":"K\u00fctahya ve Tav\u015fanl\u0131 semalar\u0131nda s\u0131ra s\u0131ra \u0131\u015f\u0131klar g\u00f6r\u00fcld\u00fc"},"content":{"rendered":"<p>K\u00fctahya ve Tav\u015fanl\u0131 il\u00e7esinde gece saatlerinde g\u00f6ky\u00fcz\u00fcnde pe\u015f pe\u015fe ilerleyen \u0131\u015f\u0131klar, vatanda\u015flar\u0131n dikkatini \u00e7ekti. \u0130lk bak\u0131\u015fta \u015fa\u015fk\u0131nl\u0131k olu\u015fturan g\u00f6r\u00fcnt\u00fcler, cep telefonu kameralar\u0131yla kaydedildi.<br \/>\n<br \/>G\u00f6k y\u00fcz\u00fcnde ard\u0131 ard\u0131na s\u0131ralanm\u0131\u015f \u015fekilde ilerleyen \u0131\u015f\u0131klar\u0131n, Elon Musk\u2019\u0131n uzay \u015firketi SpaceX\u2019e ait Starlink uydu sistemi oldu\u011fu \u00f6\u011frenildi. D\u00fc\u015f\u00fck y\u00f6r\u00fcngede hareket eden Starlink uydular\u0131, belirli zaman dilimlerinde bu \u015fekilde \u00e7\u0131plak g\u00f6zle g\u00f6r\u00fclebiliyor.<br \/>\n<br \/>Tav\u015fanl\u0131 semalar\u0131nda kaydedilen g\u00f6r\u00fcnt\u00fcler k\u0131sa s\u00fcrede ilgi g\u00f6r\u00fcrken, vatanda\u015flar o anlar\u0131 sosyal medya \u00fczerinden payla\u015ft\u0131. G\u00f6r\u00fcnt\u00fcler, b\u00f6lgede k\u0131sa s\u00fcreli merak ve heyecana neden oldu.<br \/><\/p>\n","protected":false},"excerpt":{"rendered":"<p>K\u00fctahya ve Tav\u015fanl\u0131 il\u00e7esinde gece saatlerinde g\u00f6ky\u00fcz\u00fcnde pe\u015f pe\u015fe ilerleyen \u0131\u015f\u0131klar, vatanda\u015flar\u0131n dikkatini \u00e7ekti. \u0130lk bak\u0131\u015fta \u015fa\u015fk\u0131nl\u0131k olu\u015fturan g\u00f6r\u00fcnt\u00fcler, cep telefonu kameralar\u0131yla kaydedildi. G\u00f6k y\u00fcz\u00fcnde ard\u0131 ard\u0131na s\u0131ralanm\u0131\u015f \u015fekilde ilerleyen \u0131\u015f\u0131klar\u0131n, Elon Musk\u2019\u0131n uzay \u015firketi SpaceX\u2019e ait Starlink uydu sistemi oldu\u011fu \u00f6\u011frenildi. D\u00fc\u015f\u00fck y\u00f6r\u00fcngede hareket eden Starlink uydular\u0131, belirli zaman dilimlerinde bu \u015fekilde \u00e7\u0131plak g\u00f6zle&#8230;<\/p>\n","protected":false},"author":1,"featured_media":79239,"comment_status":"open","ping_status":"open","sticky":false,"template":"","format":"standard","meta":{"_crdt_document":"","footnotes":""},"categories":[1],"tags":[],"class_list":["post-79238","post","type-post","status-publish","format-standard","has-post-thumbnail","hentry","category-guncel"],"_links":{"self":[{"href":"https:\/\/www.egemtv.com\/index.php?rest_route=\/wp\/v2\/posts\/79238","targetHints":{"allow":["GET"]}}],"collection":[{"href":"https:\/\/www.egemtv.com\/index.php?rest_route=\/wp\/v2\/posts"}],"about":[{"href":"https:\/\/www.egemtv.com\/index.php?rest_route=\/wp\/v2\/types\/post"}],"author":[{"embeddable":true,"href":"https:\/\/www.egemtv.com\/index.php?rest_route=\/wp\/v2\/users\/1"}],"replies":[{"embeddable":true,"href":"https:\/\/www.egemtv.com\/index.php?rest_route=%2Fwp%2Fv2%2Fcomments&post=79238"}],"version-history":[{"count":1,"href":"https:\/\/www.egemtv.com\/index.php?rest_route=\/wp\/v2\/posts\/79238\/revisions"}],"predecessor-version":[{"id":79240,"href":"https:\/\/www.egemtv.com\/index.php?rest_route=\/wp\/v2\/posts\/79238\/revisions\/79240"}],"wp:featuredmedia":[{"embeddable":true,"href":"https:\/\/www.egemtv.com\/index.php?rest_route=\/wp\/v2\/media\/79239"}],"wp:attachment":[{"href":"https:\/\/www.egemtv.com\/index.php?rest_route=%2Fwp%2Fv2%2Fmedia&parent=79238"}],"wp:term":[{"taxonomy":"category","embeddable":true,"href":"https:\/\/www.egemtv.com\/index.php?rest_route=%2Fwp%2Fv2%2Fcategories&post=79238"},{"taxonomy":"post_tag","embeddable":true,"href":"https:\/\/www.egemtv.com\/index.php?rest_route=%2Fwp%2Fv2%2Ftags&post=79238"}],"curies":[{"name":"wp","href":"https:\/\/api.w.org\/{rel}","templated":true}]}}