{"id":79235,"date":"2026-01-07T21:16:51","date_gmt":"2026-01-07T18:16:51","guid":{"rendered":"https:\/\/www.egemtv.com\/?p=79235"},"modified":"2026-01-07T21:16:52","modified_gmt":"2026-01-07T18:16:52","slug":"egenin-enleri-odullendirildi","status":"publish","type":"post","link":"https:\/\/www.egemtv.com\/?p=79235","title":{"rendered":"Ege\u2019nin \u2018En\u2019leri \u00f6d\u00fcllendirildi"},"content":{"rendered":"<p>Ege Gazeteciler Federasyonu taraf\u0131ndan, Mu\u011fla B\u00fcy\u00fck\u015fehir Gazeteciler Cemiyeti\u2019nin ev sahipli\u011finde d\u00fczenlenen 10 Ocak \u00c7al\u0131\u015fan Gazeteciler G\u00fcn\u00fc etkinlikleri kapsam\u0131nda, Ege B\u00f6lgesi\u2019nin en ba\u015far\u0131l\u0131 Vali, Kaymakam, b\u00fcy\u00fck\u015fehir ve il\u00e7e belediye ba\u015fkanlar\u0131, i\u015f insanlar\u0131, spor adamlar\u0131 ve mesleklerinde 40 y\u0131l\u0131 dolduran gazeteciler \u00f6d\u00fcllendirildi.<br \/>\n<br \/>Program\u0131n a\u00e7\u0131l\u0131\u015f\u0131nda konu\u015fan Mu\u011fla B\u00fcy\u00fck\u015fehir Gazeteciler Cemiyeti, Ege Gazeteciler Federasyonu Ba\u015fkan\u0131 ve T\u00fcrkiye Gazeteciler Konfederasyonu Y\u00f6netim Kurulu \u00dcyesi Cem Kaytan, organizasyonun bu y\u0131l Mu\u011fla\u2019da ger\u00e7ekle\u015ftirildi\u011fini, Ege Gazeteciler Federasyonunun ilk defa b\u00f6yle bir etkinlik ger\u00e7ekle\u015ftirdi\u011fini belirterek, &#8220;\u00d6n\u00fcm\u00fczdeki y\u0131llarda bu program\u0131n Ege\u2019nin farkl\u0131 illerinde yap\u0131lmas\u0131n\u0131 arzu ediyoruz. \u00d6d\u00fcl alan herkesi tebrik ediyorum&#8221; dedi.<\/p>\n<p>&#8220;Mu\u011fla, yerel bas\u0131n a\u00e7\u0131s\u0131ndan \u00e7ok \u015fansl\u0131&#8221;<br \/>\n<br \/>Mu\u011fla B\u00fcy\u00fck\u015fehir Belediye Ba\u015fkan\u0131 Ahmet Aras, bas\u0131n\u0131n demokrasinin vazge\u00e7ilmez unsurlar\u0131ndan biri oldu\u011funa dikkat \u00e7ekerek, &#8220;Bas\u0131n\u0131m\u0131z\u0131n \u00f6zg\u00fcrce g\u00f6rev yapmas\u0131 \u00e7ok \u00f6nemli. Bas\u0131n \u00f6zg\u00fcrl\u00fc\u011f\u00fcn\u00fcn k\u0131s\u0131tlanmas\u0131 t\u00fcm halk\u0131 etkiler. Bas\u0131n\u0131n yapt\u0131\u011f\u0131 g\u00f6rev kamu g\u00f6revinden farks\u0131zd\u0131r. Mu\u011fla yerel bas\u0131n a\u00e7\u0131s\u0131ndan \u00e7ok \u015fansl\u0131 bir kenttir&#8221; dedi.<br \/>\n<br \/>Ald\u0131klar\u0131 \u00f6d\u00fcl\u00fcn t\u00fcm belediye \u00e7al\u0131\u015fanlar\u0131na ait oldu\u011funu vurgulayan Aras, &#8220;Belediye ba\u015fkan\u0131 bir orkestra \u015fefi gibidir. Bu \u00f6d\u00fcl\u00fc Mu\u011fla B\u00fcy\u00fck\u015fehir Belediyesi\u2019nin her bir ferdine atfediyorum&#8221; diye konu\u015ftu.<\/p>\n<p>&#8220;Mu\u011fla\u2019da ho\u015fg\u00f6r\u00fc ve sempati ile kamu hizmeti sunuyoruz&#8221;<br \/>\n<br \/>Mu\u011fla Valisi Dr. \u0130dris Akb\u0131y\u0131k ise, kentin huzuru ve g\u00fcvenli\u011fi i\u00e7in \u00e7al\u0131\u015fan t\u00fcm kamu g\u00f6revlilerine te\u015fekk\u00fcr ederek, gazetecilerin kamu hizmetlerine verdi\u011fi deste\u011fin \u00e7ok k\u0131ymetli oldu\u011funu s\u00f6yledi. Vali Akb\u0131y\u0131k, &#8220;Mu\u011fla\u2019da ho\u015fg\u00f6r\u00fc ve sempatiyle kamu hizmeti sunmaya devam edece\u011fiz. Mu\u011fla, d\u00fcnyan\u0131n en g\u00fczel co\u011frafyalar\u0131ndan biridir&#8221; dedi.<br \/>\n<br \/>Vali Akb\u0131y\u0131k, ge\u00e7en y\u0131l T\u00fcrkiye\u2019de \u2018Aile Y\u0131l\u0131\u2019 olarak kutland\u0131\u011f\u0131n\u0131 belirterek, Mu\u011fla\u2019da bu y\u0131l\u0131 \u2018Gen\u00e7lik Y\u0131l\u0131\u2019 ilan ettiklerini s\u00f6yledi. Vali Akb\u0131y\u0131k, &#8220;\u00dclkemiz n\u00fcfusu her ge\u00e7en y\u0131l ya\u015flan\u0131yor. Gen\u00e7 n\u00fcfus azal\u0131yor. 2026 y\u0131l\u0131n\u0131 \u2018Gen\u00e7lik Y\u0131l\u0131\u2019 olarak kutlayaca\u011f\u0131z. Bu konuda ilgili kurumlar\u0131m\u0131z\u0131 ile gen\u00e7lerimize y\u00f6nelik etkinlikler d\u00fczenleyece\u011fiz&#8221; dedi.<br \/>\n<br \/>Konu\u015fmalar\u0131n ard\u0131ndan \u00f6d\u00fcl t\u00f6renine ge\u00e7ildi. Y\u0131l\u0131n Valisi dal\u0131nda Mu\u011fla Valisi Dr. \u0130dris Akb\u0131y\u0131k, Afyonkarahisar Valisi Do\u00e7. Dr. K\u00fcbra G\u00fcran Yi\u011fitba\u015f\u0131 ve Ayd\u0131n Valisi Yakup Canbolat \u2018En Ba\u015far\u0131l\u0131 Vali\u2019 se\u00e7ildi. Y\u0131l\u0131n B\u00fcy\u00fck\u015fehir Belediye Ba\u015fkanlar\u0131 dal\u0131nda \u00f6d\u00fcller K\u0131y\u0131 Ege Belediyeler Birli\u011fi ve Mu\u011fla B\u00fcy\u00fck\u015fehir Belediye Ba\u015fkan\u0131 Ahmet Aras ile Denizli B\u00fcy\u00fck\u015fehir Belediye Ba\u015fkan\u0131 B\u00fclent Nuri \u00c7avu\u015fo\u011flu\u2019na verildi. Y\u0131l\u0131n Kaymakamlar\u0131 dal\u0131nda Mu\u011fla Marmaris Kaymakam\u0131 Nurullah Kaya, Mu\u011fla Milas Kaymakam\u0131 Mustafa \u00dcnver B\u00f6ke, Ayd\u0131n Nazilli Kaymakam\u0131 Huriye K\u00fcpeli Kan, Ayd\u0131n Karacasu Kaymakam\u0131 Mehmet G\u00fcndo\u011fdu, Afyon Sinanpa\u015fa Kaymakam\u0131 Emrah Aslan \u00f6d\u00fcl ald\u0131.<br \/>\n<br \/>Y\u0131l\u0131n \u0130l\u00e7e Belediye ba\u015fkanlar\u0131 dal\u0131nda ise, Ala\u015fehir Belediye Ba\u015fkan\u0131 Ahmet \u00d6k\u00fczc\u00fco\u011flu, Buharkent Belediye Ba\u015fkan\u0131 Mehmet Erol, \u00c7ameli Belediye Ba\u015fkan\u0131 Cengiz Arslan, Fethiye Belediye Ba\u015fkan\u0131 Alim Karaca,Kavakl\u0131dere Belediye Ba\u015fkan\u0131 Mehmet Demir, Ku\u015fadas\u0131 Belediye Ba\u015fkan\u0131 \u00d6mer G\u00fcnel, Merkezefendi Belediye Ba\u015fkan\u0131 \u015eeniz Do\u011fan, Pazarlar Belediye Ba\u015fkan\u0131 Bilal Demirci, Sinanpa\u015fa Belediye Ba\u015fkan\u0131 Tolga Y\u0131ld\u0131r\u0131m \u00f6d\u00fcl ald\u0131.<br \/>\n<br \/>T\u00f6rende \u2018En ba\u015faral\u0131 kad\u0131n giri\u015fimciler\u2019, \u2018En ba\u015far\u0131l\u0131 i\u015f insanlar\u0131\u2019, \u2018En ba\u015far\u0131l\u0131 spor insanlar\u0131\u2019 ve gazetecilik mesle\u011finde 40 y\u0131l\u0131 dolduran \u2018Meslek Onur \u00d6d\u00fcller\u2019, haber dal\u0131nda ve gen\u00e7 gazeteciler \u00f6d\u00fcllendirildi.<br \/><\/p>\n","protected":false},"excerpt":{"rendered":"<p>Ege Gazeteciler Federasyonu taraf\u0131ndan, Mu\u011fla B\u00fcy\u00fck\u015fehir Gazeteciler Cemiyeti\u2019nin ev sahipli\u011finde d\u00fczenlenen 10 Ocak \u00c7al\u0131\u015fan Gazeteciler G\u00fcn\u00fc etkinlikleri kapsam\u0131nda, Ege B\u00f6lgesi\u2019nin en ba\u015far\u0131l\u0131 Vali, Kaymakam, b\u00fcy\u00fck\u015fehir ve il\u00e7e belediye ba\u015fkanlar\u0131, i\u015f insanlar\u0131, spor adamlar\u0131 ve mesleklerinde 40 y\u0131l\u0131 dolduran gazeteciler \u00f6d\u00fcllendirildi. Program\u0131n a\u00e7\u0131l\u0131\u015f\u0131nda konu\u015fan Mu\u011fla B\u00fcy\u00fck\u015fehir Gazeteciler Cemiyeti, Ege Gazeteciler Federasyonu Ba\u015fkan\u0131 ve T\u00fcrkiye Gazeteciler Konfederasyonu&#8230;<\/p>\n","protected":false},"author":1,"featured_media":79236,"comment_status":"open","ping_status":"open","sticky":false,"template":"","format":"standard","meta":{"_crdt_document":"","footnotes":""},"categories":[1],"tags":[],"class_list":["post-79235","post","type-post","status-publish","format-standard","has-post-thumbnail","hentry","category-guncel"],"_links":{"self":[{"href":"https:\/\/www.egemtv.com\/index.php?rest_route=\/wp\/v2\/posts\/79235","targetHints":{"allow":["GET"]}}],"collection":[{"href":"https:\/\/www.egemtv.com\/index.php?rest_route=\/wp\/v2\/posts"}],"about":[{"href":"https:\/\/www.egemtv.com\/index.php?rest_route=\/wp\/v2\/types\/post"}],"author":[{"embeddable":true,"href":"https:\/\/www.egemtv.com\/index.php?rest_route=\/wp\/v2\/users\/1"}],"replies":[{"embeddable":true,"href":"https:\/\/www.egemtv.com\/index.php?rest_route=%2Fwp%2Fv2%2Fcomments&post=79235"}],"version-history":[{"count":1,"href":"https:\/\/www.egemtv.com\/index.php?rest_route=\/wp\/v2\/posts\/79235\/revisions"}],"predecessor-version":[{"id":79237,"href":"https:\/\/www.egemtv.com\/index.php?rest_route=\/wp\/v2\/posts\/79235\/revisions\/79237"}],"wp:featuredmedia":[{"embeddable":true,"href":"https:\/\/www.egemtv.com\/index.php?rest_route=\/wp\/v2\/media\/79236"}],"wp:attachment":[{"href":"https:\/\/www.egemtv.com\/index.php?rest_route=%2Fwp%2Fv2%2Fmedia&parent=79235"}],"wp:term":[{"taxonomy":"category","embeddable":true,"href":"https:\/\/www.egemtv.com\/index.php?rest_route=%2Fwp%2Fv2%2Fcategories&post=79235"},{"taxonomy":"post_tag","embeddable":true,"href":"https:\/\/www.egemtv.com\/index.php?rest_route=%2Fwp%2Fv2%2Ftags&post=79235"}],"curies":[{"name":"wp","href":"https:\/\/api.w.org\/{rel}","templated":true}]}}