{"id":79232,"date":"2026-01-07T21:16:50","date_gmt":"2026-01-07T18:16:50","guid":{"rendered":"https:\/\/www.egemtv.com\/?p=79232"},"modified":"2026-01-07T21:16:50","modified_gmt":"2026-01-07T18:16:50","slug":"bodrumda-cinko-isimli-kopege-carpan-surucunun-yargilanmasina-baslandi","status":"publish","type":"post","link":"https:\/\/www.egemtv.com\/?p=79232","title":{"rendered":"Bodrum\u2019da &#8220;\u00c7inko&#8221; isimli k\u00f6pe\u011fe \u00e7arpan s\u00fcr\u00fcc\u00fcn\u00fcn yarg\u0131lanmas\u0131na ba\u015fland\u0131"},"content":{"rendered":"<p>Mu\u011fla\u2019n\u0131n Bodrum il\u00e7esinde &#8220;\u00c7inko&#8221; isimli k\u00f6pe\u011fin otomobilin alt\u0131nda kalarak telef oldu\u011fu olayla ilgili s\u00fcr\u00fcc\u00fcn\u00fcn yarg\u0131lanmas\u0131na ba\u015fland\u0131.<br \/>\n<br \/>17 Temmuz 2025\u2019te Yal\u0131kavak Mahallesi\u2019nde ya\u015fanan olayda \u0130.\u00d6.\u2019n\u00fcn kulland\u0131\u011f\u0131 07 AAH 95 plakal\u0131 otomobil, ya\u015fad\u0131\u011f\u0131 site \u00e7evresinde y\u00fcr\u00fcyen &#8220;\u00c7inko&#8221; isimli k\u00f6pe\u011fi ezdi. A\u011f\u0131r yaral\u0131 k\u00f6pe\u011fe yard\u0131m etmeyen \u0130.\u00d6., arac\u0131na binip b\u00f6lgeden ayr\u0131ld\u0131. Sahibi P\u0131nar Kurto\u011flu taraf\u0131ndan veterinere g\u00f6t\u00fcr\u00fclen k\u00f6pek 12 g\u00fcn sonra telef oldu. P\u0131nar Kurto\u011flu, otomobil s\u00fcr\u00fcc\u00fcs\u00fc \u0130.\u00d6. hakk\u0131nda \u015fikayette bulundu.<br \/>\n<br \/>5199 say\u0131l\u0131 Hayvanlar\u0131 Koruma Kanunu\u2019na ayk\u0131r\u0131l\u0131ktan 4 y\u0131la kadar hapis cezas\u0131 istemiyle hakk\u0131nda dava a\u00e7\u0131lan \u0130.\u00d6., soru\u015fturma a\u015famas\u0131nda verdi\u011fi ifadede arac\u0131n\u0131n \u00f6n\u00fcnden ge\u00e7en k\u00f6pe\u011fe kasten \u00e7arpmad\u0131\u011f\u0131n\u0131, k\u00f6pe\u011fin aya\u011f\u0131n\u0131n tak\u0131ld\u0131\u011f\u0131n\u0131, kazan\u0131n bu y\u00fczden meydana geldi\u011fini ve su\u00e7lamalar\u0131 kabul etmedi\u011fini s\u00f6yledi.<br \/>\n<br \/>Olay\u0131n davas\u0131 Bodrum 8\u2019inci Asliye Ceza Mahkemesi\u2019nde ba\u015flad\u0131. \u0130lk duru\u015fmaya tutuksuz san\u0131k \u0130.\u00d6. kat\u0131lmazken; k\u00f6pe\u011fin sahibi P\u0131nar Kurto\u011flu, avukatlar\u0131 ve \u00e7ok say\u0131da hayvansever salonda haz\u0131r bulundu. Duru\u015fmada Kurto\u011flu, tan\u0131klar ve avukatlar\u0131n beyanlar\u0131 al\u0131nd\u0131.<br \/>\n<br \/>Mahkeme, tutuksuz san\u0131\u011f\u0131n bir sonraki duru\u015fmada haz\u0131r edilmesine karar vererek duru\u015fmay\u0131 8 Haziran\u2019a erteledi.<br \/><\/p>\n","protected":false},"excerpt":{"rendered":"<p>Mu\u011fla\u2019n\u0131n Bodrum il\u00e7esinde &#8220;\u00c7inko&#8221; isimli k\u00f6pe\u011fin otomobilin alt\u0131nda kalarak telef oldu\u011fu olayla ilgili s\u00fcr\u00fcc\u00fcn\u00fcn yarg\u0131lanmas\u0131na ba\u015fland\u0131. 17 Temmuz 2025\u2019te Yal\u0131kavak Mahallesi\u2019nde ya\u015fanan olayda \u0130.\u00d6.\u2019n\u00fcn kulland\u0131\u011f\u0131 07 AAH 95 plakal\u0131 otomobil, ya\u015fad\u0131\u011f\u0131 site \u00e7evresinde y\u00fcr\u00fcyen &#8220;\u00c7inko&#8221; isimli k\u00f6pe\u011fi ezdi. A\u011f\u0131r yaral\u0131 k\u00f6pe\u011fe yard\u0131m etmeyen \u0130.\u00d6., arac\u0131na binip b\u00f6lgeden ayr\u0131ld\u0131. Sahibi P\u0131nar Kurto\u011flu taraf\u0131ndan veterinere g\u00f6t\u00fcr\u00fclen k\u00f6pek&#8230;<\/p>\n","protected":false},"author":1,"featured_media":79233,"comment_status":"open","ping_status":"open","sticky":false,"template":"","format":"standard","meta":{"_crdt_document":"","footnotes":""},"categories":[5],"tags":[],"class_list":["post-79232","post","type-post","status-publish","format-standard","has-post-thumbnail","hentry","category-asayis"],"_links":{"self":[{"href":"https:\/\/www.egemtv.com\/index.php?rest_route=\/wp\/v2\/posts\/79232","targetHints":{"allow":["GET"]}}],"collection":[{"href":"https:\/\/www.egemtv.com\/index.php?rest_route=\/wp\/v2\/posts"}],"about":[{"href":"https:\/\/www.egemtv.com\/index.php?rest_route=\/wp\/v2\/types\/post"}],"author":[{"embeddable":true,"href":"https:\/\/www.egemtv.com\/index.php?rest_route=\/wp\/v2\/users\/1"}],"replies":[{"embeddable":true,"href":"https:\/\/www.egemtv.com\/index.php?rest_route=%2Fwp%2Fv2%2Fcomments&post=79232"}],"version-history":[{"count":1,"href":"https:\/\/www.egemtv.com\/index.php?rest_route=\/wp\/v2\/posts\/79232\/revisions"}],"predecessor-version":[{"id":79234,"href":"https:\/\/www.egemtv.com\/index.php?rest_route=\/wp\/v2\/posts\/79232\/revisions\/79234"}],"wp:featuredmedia":[{"embeddable":true,"href":"https:\/\/www.egemtv.com\/index.php?rest_route=\/wp\/v2\/media\/79233"}],"wp:attachment":[{"href":"https:\/\/www.egemtv.com\/index.php?rest_route=%2Fwp%2Fv2%2Fmedia&parent=79232"}],"wp:term":[{"taxonomy":"category","embeddable":true,"href":"https:\/\/www.egemtv.com\/index.php?rest_route=%2Fwp%2Fv2%2Fcategories&post=79232"},{"taxonomy":"post_tag","embeddable":true,"href":"https:\/\/www.egemtv.com\/index.php?rest_route=%2Fwp%2Fv2%2Ftags&post=79232"}],"curies":[{"name":"wp","href":"https:\/\/api.w.org\/{rel}","templated":true}]}}