{"id":79229,"date":"2026-01-07T20:54:45","date_gmt":"2026-01-07T17:54:45","guid":{"rendered":"https:\/\/www.egemtv.com\/?p=79229"},"modified":"2026-01-07T20:54:45","modified_gmt":"2026-01-07T17:54:45","slug":"eber-golunde-yangin","status":"publish","type":"post","link":"https:\/\/www.egemtv.com\/?p=79229","title":{"rendered":"Eber G\u00f6l\u00fc\u2019nde yang\u0131n"},"content":{"rendered":"<p>Afyonkarahisar\u2019da uzun bir s\u00fcredir kuruma tehlikesinin devam etti\u011fi Eber G\u00f6l\u00fc\u2019nde sazl\u0131k alanda yang\u0131n \u00e7\u0131kt\u0131.<br \/>\n<br \/>Yang\u0131n, g\u00f6l\u00fcn Bolvadin il\u00e7e s\u0131n\u0131rlar\u0131 k\u0131sm\u0131nda kalan b\u00f6lgede \u00e7\u0131kt\u0131. G\u00f6l\u00fcn kuruyan b\u00f6l\u00fcmlerindeki sazl\u0131k alanda \u00e7\u0131kan yang\u0131nda alevler metrelerce y\u00fckse\u011fe \u00e7\u0131karken, yang\u0131na karadan itfaiye ekipleri m\u00fcdahale ediyor. Yang\u0131n\u0131n kontrol alt\u0131na al\u0131nmas\u0131 i\u00e7in ba\u015flat\u0131lan \u00e7al\u0131\u015fma devam ediyor.<br \/><\/p>\n","protected":false},"excerpt":{"rendered":"<p>Afyonkarahisar\u2019da uzun bir s\u00fcredir kuruma tehlikesinin devam etti\u011fi Eber G\u00f6l\u00fc\u2019nde sazl\u0131k alanda yang\u0131n \u00e7\u0131kt\u0131. Yang\u0131n, g\u00f6l\u00fcn Bolvadin il\u00e7e s\u0131n\u0131rlar\u0131 k\u0131sm\u0131nda kalan b\u00f6lgede \u00e7\u0131kt\u0131. G\u00f6l\u00fcn kuruyan b\u00f6l\u00fcmlerindeki sazl\u0131k alanda \u00e7\u0131kan yang\u0131nda alevler metrelerce y\u00fckse\u011fe \u00e7\u0131karken, yang\u0131na karadan itfaiye ekipleri m\u00fcdahale ediyor. Yang\u0131n\u0131n kontrol alt\u0131na al\u0131nmas\u0131 i\u00e7in ba\u015flat\u0131lan \u00e7al\u0131\u015fma devam ediyor.<\/p>\n","protected":false},"author":1,"featured_media":79230,"comment_status":"open","ping_status":"open","sticky":false,"template":"","format":"standard","meta":{"_crdt_document":"","footnotes":""},"categories":[5],"tags":[],"class_list":["post-79229","post","type-post","status-publish","format-standard","has-post-thumbnail","hentry","category-asayis"],"_links":{"self":[{"href":"https:\/\/www.egemtv.com\/index.php?rest_route=\/wp\/v2\/posts\/79229","targetHints":{"allow":["GET"]}}],"collection":[{"href":"https:\/\/www.egemtv.com\/index.php?rest_route=\/wp\/v2\/posts"}],"about":[{"href":"https:\/\/www.egemtv.com\/index.php?rest_route=\/wp\/v2\/types\/post"}],"author":[{"embeddable":true,"href":"https:\/\/www.egemtv.com\/index.php?rest_route=\/wp\/v2\/users\/1"}],"replies":[{"embeddable":true,"href":"https:\/\/www.egemtv.com\/index.php?rest_route=%2Fwp%2Fv2%2Fcomments&post=79229"}],"version-history":[{"count":1,"href":"https:\/\/www.egemtv.com\/index.php?rest_route=\/wp\/v2\/posts\/79229\/revisions"}],"predecessor-version":[{"id":79231,"href":"https:\/\/www.egemtv.com\/index.php?rest_route=\/wp\/v2\/posts\/79229\/revisions\/79231"}],"wp:featuredmedia":[{"embeddable":true,"href":"https:\/\/www.egemtv.com\/index.php?rest_route=\/wp\/v2\/media\/79230"}],"wp:attachment":[{"href":"https:\/\/www.egemtv.com\/index.php?rest_route=%2Fwp%2Fv2%2Fmedia&parent=79229"}],"wp:term":[{"taxonomy":"category","embeddable":true,"href":"https:\/\/www.egemtv.com\/index.php?rest_route=%2Fwp%2Fv2%2Fcategories&post=79229"},{"taxonomy":"post_tag","embeddable":true,"href":"https:\/\/www.egemtv.com\/index.php?rest_route=%2Fwp%2Fv2%2Ftags&post=79229"}],"curies":[{"name":"wp","href":"https:\/\/api.w.org\/{rel}","templated":true}]}}