{"id":79226,"date":"2026-01-07T20:54:44","date_gmt":"2026-01-07T17:54:44","guid":{"rendered":"https:\/\/www.egemtv.com\/?p=79226"},"modified":"2026-01-07T20:54:44","modified_gmt":"2026-01-07T17:54:44","slug":"ret-oylari-havada-ucustu-kula-meclisinden-karar-cikmadi","status":"publish","type":"post","link":"https:\/\/www.egemtv.com\/?p=79226","title":{"rendered":"\u2019Ret\u2019 oylar\u0131 havada u\u00e7u\u015ftu, Kula Meclisi\u2019nden karar \u00e7\u0131kmad\u0131"},"content":{"rendered":"<p>Kula Belediyesi\u2019nin 2026 y\u0131l\u0131n\u0131n ilk meclis toplant\u0131s\u0131, \u2019ret\u2019 oylar\u0131n\u0131n a\u011f\u0131rl\u0131kta oldu\u011fu oturumlardan biri olarak kay\u0131tlara ge\u00e7ti. G\u00fcndem maddelerinin g\u00f6r\u00fc\u015f\u00fclmesi s\u0131ras\u0131nda bir\u00e7ok teklif, meclis \u00e7o\u011funlu\u011funun ret oyu kullanmas\u0131 nedeniyle kabul edilmedi. Al\u0131namayan kararlar mecliste gergin ve so\u011fuk bir atmosferin olu\u015fmas\u0131na neden oldu.<br \/>\n<br \/>Toplant\u0131da baz\u0131 maddelerde Cumhur \u0130ttifak\u0131, CHP ve ba\u011f\u0131ms\u0131z belediye meclis \u00fcyelerinin ayn\u0131 y\u00f6nde oy kullanmas\u0131 dikkat \u00e7ekti. \u00d6zellikle ta\u015f\u0131nmaz sat\u0131\u015flar\u0131 konusu meclisin en tart\u0131\u015fmal\u0131 g\u00fcndem ba\u015fl\u0131klar\u0131ndan biri oldu.<br \/>\n<br \/>Meclisin g\u00fcndeminde yer alan ve 12 madde kapsam\u0131nda g\u00f6r\u00fc\u015f\u00fclen toplam 21 ta\u015f\u0131nmaz\u0131n sat\u0131\u015f\u0131, Cumhur \u0130ttifak\u0131 ve CHP\u2019li baz\u0131 meclis \u00fcyeleri ile ba\u011f\u0131ms\u0131z meclis \u00fcyesinin ret oyu vermesiyle meclisten ge\u00e7medi. B\u00f6ylece s\u00f6z konusu ta\u015f\u0131nmazlar\u0131n sat\u0131\u015f\u0131 engellenmi\u015f oldu.<br \/>\n<br \/>\u00d6te yandan, CHP\u2019li belediye ba\u015fkan\u0131 taraf\u0131ndan meclise sunulan g\u00fcndem maddelerine yine CHP\u2019li meclis \u00fcyelerinin ret oyu vermesi, parti i\u00e7inde ya\u015fanan g\u00f6r\u00fc\u015f ayr\u0131l\u0131klar\u0131n\u0131 g\u00fcndeme ta\u015f\u0131d\u0131.<br \/>\n<br \/>Yeni y\u0131l\u0131n ilk meclis toplant\u0131s\u0131, ittifaklar\u0131n \u00e7atlad\u0131\u011f\u0131, kararlar\u0131n \u00e7\u0131kmad\u0131\u011f\u0131 ve ret oylar\u0131n\u0131n g\u00fcndeme damga vurdu\u011fu bir tabloyla sona erdi.<br \/><\/p>\n","protected":false},"excerpt":{"rendered":"<p>Kula Belediyesi\u2019nin 2026 y\u0131l\u0131n\u0131n ilk meclis toplant\u0131s\u0131, \u2019ret\u2019 oylar\u0131n\u0131n a\u011f\u0131rl\u0131kta oldu\u011fu oturumlardan biri olarak kay\u0131tlara ge\u00e7ti. G\u00fcndem maddelerinin g\u00f6r\u00fc\u015f\u00fclmesi s\u0131ras\u0131nda bir\u00e7ok teklif, meclis \u00e7o\u011funlu\u011funun ret oyu kullanmas\u0131 nedeniyle kabul edilmedi. Al\u0131namayan kararlar mecliste gergin ve so\u011fuk bir atmosferin olu\u015fmas\u0131na neden oldu. Toplant\u0131da baz\u0131 maddelerde Cumhur \u0130ttifak\u0131, CHP ve ba\u011f\u0131ms\u0131z belediye meclis \u00fcyelerinin ayn\u0131 y\u00f6nde oy&#8230;<\/p>\n","protected":false},"author":1,"featured_media":79227,"comment_status":"open","ping_status":"open","sticky":false,"template":"","format":"standard","meta":{"_crdt_document":"","footnotes":""},"categories":[127],"tags":[],"class_list":["post-79226","post","type-post","status-publish","format-standard","has-post-thumbnail","hentry","category-siyaset"],"_links":{"self":[{"href":"https:\/\/www.egemtv.com\/index.php?rest_route=\/wp\/v2\/posts\/79226","targetHints":{"allow":["GET"]}}],"collection":[{"href":"https:\/\/www.egemtv.com\/index.php?rest_route=\/wp\/v2\/posts"}],"about":[{"href":"https:\/\/www.egemtv.com\/index.php?rest_route=\/wp\/v2\/types\/post"}],"author":[{"embeddable":true,"href":"https:\/\/www.egemtv.com\/index.php?rest_route=\/wp\/v2\/users\/1"}],"replies":[{"embeddable":true,"href":"https:\/\/www.egemtv.com\/index.php?rest_route=%2Fwp%2Fv2%2Fcomments&post=79226"}],"version-history":[{"count":1,"href":"https:\/\/www.egemtv.com\/index.php?rest_route=\/wp\/v2\/posts\/79226\/revisions"}],"predecessor-version":[{"id":79228,"href":"https:\/\/www.egemtv.com\/index.php?rest_route=\/wp\/v2\/posts\/79226\/revisions\/79228"}],"wp:featuredmedia":[{"embeddable":true,"href":"https:\/\/www.egemtv.com\/index.php?rest_route=\/wp\/v2\/media\/79227"}],"wp:attachment":[{"href":"https:\/\/www.egemtv.com\/index.php?rest_route=%2Fwp%2Fv2%2Fmedia&parent=79226"}],"wp:term":[{"taxonomy":"category","embeddable":true,"href":"https:\/\/www.egemtv.com\/index.php?rest_route=%2Fwp%2Fv2%2Fcategories&post=79226"},{"taxonomy":"post_tag","embeddable":true,"href":"https:\/\/www.egemtv.com\/index.php?rest_route=%2Fwp%2Fv2%2Ftags&post=79226"}],"curies":[{"name":"wp","href":"https:\/\/api.w.org\/{rel}","templated":true}]}}