{"id":79169,"date":"2026-01-07T16:15:12","date_gmt":"2026-01-07T13:15:12","guid":{"rendered":"https:\/\/www.egemtv.com\/?p=79169"},"modified":"2026-01-07T16:15:13","modified_gmt":"2026-01-07T13:15:13","slug":"sokede-8-mahallede-sap-karantinasi-kaldirildi","status":"publish","type":"post","link":"https:\/\/www.egemtv.com\/?p=79169","title":{"rendered":"S\u00f6ke\u2019de 8 mahallede \u015fap karantinas\u0131 kald\u0131r\u0131ld\u0131"},"content":{"rendered":"<p>Ayd\u0131n\u2019\u0131n S\u00f6ke il\u00e7esinde tespit edilen \u015fap hastal\u0131\u011f\u0131 sonras\u0131nda karantinaya al\u0131nan 8 mahallede k\u0131s\u0131tlamalar kald\u0131r\u0131ld\u0131.<br \/>\n<br \/>Ayd\u0131n\u2019\u0131n S\u00f6ke il\u00e7esinde \u015fap hastal\u0131\u011f\u0131 tespit edilmesinin ard\u0131ndan, il\u00e7e genelinde \u00f6nleyici tedbirler al\u0131nm\u0131\u015ft\u0131. S\u00f6ke \u0130l\u00e7e Tar\u0131m ve Orman M\u00fcd\u00fcrl\u00fc\u011f\u00fc, ge\u00e7ti\u011fimiz Kas\u0131m ay\u0131nda Yuvaca Mahallesi\u2019nde g\u00f6r\u00fclen hastal\u0131k nedeniyle \u00e7evre mahallelerde hayvan hareketlerini ge\u00e7ici olarak durdurmu\u015ftu. A\u011fa\u00e7l\u0131, Ak\u00e7akonak, Atburgaz\u0131, Do\u011fanbey, G\u00f6lbent, G\u00fcll\u00fcbah\u00e7e, Tuzburgaz\u0131 ve Yuvaca mahallelerinde kesim harici t\u00fcm hayvan hareketleri yasaklanm\u0131\u015ft\u0131. Yap\u0131lan a\u015f\u0131lama \u00e7al\u0131\u015fmalar\u0131 ve al\u0131nan tedbirlerin ard\u0131ndan a\u00e7\u0131klama yapan S\u00f6ke \u0130l\u00e7e Tar\u0131m ve Orman M\u00fcd\u00fcrl\u00fc\u011f\u00fc, k\u0131s\u0131tlaman\u0131n kald\u0131r\u0131ld\u0131\u011f\u0131n\u0131 duyurdu. Yap\u0131lan a\u00e7\u0131klamada &#8220;\u0130l\u00e7emizde Yuvaca Mahallesi mihrakl\u0131 \u015fap karantinas\u0131 kald\u0131r\u0131lm\u0131\u015f olup, A\u011fa\u00e7l\u0131, Ak\u00e7akonak, Atburgaz\u0131, Do\u011fanbey, G\u00f6lbent, G\u00fcll\u00fcbah\u00e7e, Tuzburgaz\u0131 ve Yuvaca mahallelerinde hayvan hareketleri k\u0131s\u0131tlamalar\u0131 6 Ocak 2026 tarihi itibar\u0131 ile sonland\u0131r\u0131lm\u0131\u015ft\u0131r. Di\u011fer mahallelerimizde hayvan hareketleri k\u0131s\u0131tl\u0131 olup hastal\u0131k seyir takipleri yap\u0131lmaktad\u0131r&#8221; ifadeleri yer ald\u0131.<br \/><\/p>\n","protected":false},"excerpt":{"rendered":"<p>Ayd\u0131n\u2019\u0131n S\u00f6ke il\u00e7esinde tespit edilen \u015fap hastal\u0131\u011f\u0131 sonras\u0131nda karantinaya al\u0131nan 8 mahallede k\u0131s\u0131tlamalar kald\u0131r\u0131ld\u0131. Ayd\u0131n\u2019\u0131n S\u00f6ke il\u00e7esinde \u015fap hastal\u0131\u011f\u0131 tespit edilmesinin ard\u0131ndan, il\u00e7e genelinde \u00f6nleyici tedbirler al\u0131nm\u0131\u015ft\u0131. S\u00f6ke \u0130l\u00e7e Tar\u0131m ve Orman M\u00fcd\u00fcrl\u00fc\u011f\u00fc, ge\u00e7ti\u011fimiz Kas\u0131m ay\u0131nda Yuvaca Mahallesi\u2019nde g\u00f6r\u00fclen hastal\u0131k nedeniyle \u00e7evre mahallelerde hayvan hareketlerini ge\u00e7ici olarak durdurmu\u015ftu. A\u011fa\u00e7l\u0131, Ak\u00e7akonak, Atburgaz\u0131, Do\u011fanbey, G\u00f6lbent, G\u00fcll\u00fcbah\u00e7e, Tuzburgaz\u0131&#8230;<\/p>\n","protected":false},"author":1,"featured_media":79170,"comment_status":"open","ping_status":"open","sticky":false,"template":"","format":"standard","meta":{"_crdt_document":"","footnotes":""},"categories":[1],"tags":[],"class_list":["post-79169","post","type-post","status-publish","format-standard","has-post-thumbnail","hentry","category-guncel"],"_links":{"self":[{"href":"https:\/\/www.egemtv.com\/index.php?rest_route=\/wp\/v2\/posts\/79169","targetHints":{"allow":["GET"]}}],"collection":[{"href":"https:\/\/www.egemtv.com\/index.php?rest_route=\/wp\/v2\/posts"}],"about":[{"href":"https:\/\/www.egemtv.com\/index.php?rest_route=\/wp\/v2\/types\/post"}],"author":[{"embeddable":true,"href":"https:\/\/www.egemtv.com\/index.php?rest_route=\/wp\/v2\/users\/1"}],"replies":[{"embeddable":true,"href":"https:\/\/www.egemtv.com\/index.php?rest_route=%2Fwp%2Fv2%2Fcomments&post=79169"}],"version-history":[{"count":1,"href":"https:\/\/www.egemtv.com\/index.php?rest_route=\/wp\/v2\/posts\/79169\/revisions"}],"predecessor-version":[{"id":79171,"href":"https:\/\/www.egemtv.com\/index.php?rest_route=\/wp\/v2\/posts\/79169\/revisions\/79171"}],"wp:featuredmedia":[{"embeddable":true,"href":"https:\/\/www.egemtv.com\/index.php?rest_route=\/wp\/v2\/media\/79170"}],"wp:attachment":[{"href":"https:\/\/www.egemtv.com\/index.php?rest_route=%2Fwp%2Fv2%2Fmedia&parent=79169"}],"wp:term":[{"taxonomy":"category","embeddable":true,"href":"https:\/\/www.egemtv.com\/index.php?rest_route=%2Fwp%2Fv2%2Fcategories&post=79169"},{"taxonomy":"post_tag","embeddable":true,"href":"https:\/\/www.egemtv.com\/index.php?rest_route=%2Fwp%2Fv2%2Ftags&post=79169"}],"curies":[{"name":"wp","href":"https:\/\/api.w.org\/{rel}","templated":true}]}}