{"id":79160,"date":"2026-01-07T15:54:44","date_gmt":"2026-01-07T12:54:44","guid":{"rendered":"https:\/\/www.egemtv.com\/?p=79160"},"modified":"2026-01-07T15:54:45","modified_gmt":"2026-01-07T12:54:45","slug":"usakta-il-guvenlik-asayis-ve-koordinasyon-kurulu-toplandi","status":"publish","type":"post","link":"https:\/\/www.egemtv.com\/?p=79160","title":{"rendered":"U\u015fak\u2019ta \u0130l G\u00fcvenlik Asayi\u015f ve Koordinasyon Kurulu topland\u0131"},"content":{"rendered":"<p>U\u015fak\u2019ta g\u00fcvenlik ve asayi\u015f hizmetlerine ili\u015fkin &#8220;\u0130l G\u00fcvenlik, Asayi\u015f ve Koordinasyon Kurulu Toplant\u0131s\u0131&#8221;, Vali Naci Akta\u015f\u2019\u0131n ba\u015fkanl\u0131\u011f\u0131nda ger\u00e7ekle\u015ftirildi.<\/p>\n<p>U\u015fak Valili\u011fi Toplant\u0131 Salonu\u2019nda Vali Naci Akta\u015f ba\u015fkanl\u0131\u011f\u0131nda d\u00fczenlenen toplant\u0131da, vatanda\u015flar\u0131n huzur ve g\u00fcvenli\u011fini sa\u011flamak amac\u0131yla kurumlar aras\u0131 i\u015f birli\u011fiyle y\u00fcr\u00fct\u00fclen \u00e7al\u0131\u015fmalar ele al\u0131nd\u0131.<\/p>\n<p>Toplant\u0131da il genelinde asayi\u015fin korunmas\u0131na y\u00f6nelik mevcut uygulamalar de\u011ferlendirilirken, al\u0131nmas\u0131 gereken ilave tedbirler ve koordinasyon konular\u0131 g\u00f6r\u00fc\u015f\u00fcld\u00fc. Kurumlar aras\u0131 i\u015f birli\u011finin \u00f6nemine vurgu yap\u0131lan toplant\u0131da, huzurlu ve g\u00fcvenli bir U\u015fak i\u00e7in \u00e7al\u0131\u015fmalar\u0131n aral\u0131ks\u0131z s\u00fcrd\u00fcr\u00fclece\u011fi ifade edildi.<br \/><\/p>\n","protected":false},"excerpt":{"rendered":"<p>U\u015fak\u2019ta g\u00fcvenlik ve asayi\u015f hizmetlerine ili\u015fkin &#8220;\u0130l G\u00fcvenlik, Asayi\u015f ve Koordinasyon Kurulu Toplant\u0131s\u0131&#8221;, Vali Naci Akta\u015f\u2019\u0131n ba\u015fkanl\u0131\u011f\u0131nda ger\u00e7ekle\u015ftirildi. U\u015fak Valili\u011fi Toplant\u0131 Salonu\u2019nda Vali Naci Akta\u015f ba\u015fkanl\u0131\u011f\u0131nda d\u00fczenlenen toplant\u0131da, vatanda\u015flar\u0131n huzur ve g\u00fcvenli\u011fini sa\u011flamak amac\u0131yla kurumlar aras\u0131 i\u015f birli\u011fiyle y\u00fcr\u00fct\u00fclen \u00e7al\u0131\u015fmalar ele al\u0131nd\u0131. Toplant\u0131da il genelinde asayi\u015fin korunmas\u0131na y\u00f6nelik mevcut uygulamalar de\u011ferlendirilirken, al\u0131nmas\u0131 gereken ilave tedbirler&#8230;<\/p>\n","protected":false},"author":1,"featured_media":79161,"comment_status":"open","ping_status":"open","sticky":false,"template":"","format":"standard","meta":{"_crdt_document":"","footnotes":""},"categories":[5],"tags":[],"class_list":["post-79160","post","type-post","status-publish","format-standard","has-post-thumbnail","hentry","category-asayis"],"_links":{"self":[{"href":"https:\/\/www.egemtv.com\/index.php?rest_route=\/wp\/v2\/posts\/79160","targetHints":{"allow":["GET"]}}],"collection":[{"href":"https:\/\/www.egemtv.com\/index.php?rest_route=\/wp\/v2\/posts"}],"about":[{"href":"https:\/\/www.egemtv.com\/index.php?rest_route=\/wp\/v2\/types\/post"}],"author":[{"embeddable":true,"href":"https:\/\/www.egemtv.com\/index.php?rest_route=\/wp\/v2\/users\/1"}],"replies":[{"embeddable":true,"href":"https:\/\/www.egemtv.com\/index.php?rest_route=%2Fwp%2Fv2%2Fcomments&post=79160"}],"version-history":[{"count":1,"href":"https:\/\/www.egemtv.com\/index.php?rest_route=\/wp\/v2\/posts\/79160\/revisions"}],"predecessor-version":[{"id":79162,"href":"https:\/\/www.egemtv.com\/index.php?rest_route=\/wp\/v2\/posts\/79160\/revisions\/79162"}],"wp:featuredmedia":[{"embeddable":true,"href":"https:\/\/www.egemtv.com\/index.php?rest_route=\/wp\/v2\/media\/79161"}],"wp:attachment":[{"href":"https:\/\/www.egemtv.com\/index.php?rest_route=%2Fwp%2Fv2%2Fmedia&parent=79160"}],"wp:term":[{"taxonomy":"category","embeddable":true,"href":"https:\/\/www.egemtv.com\/index.php?rest_route=%2Fwp%2Fv2%2Fcategories&post=79160"},{"taxonomy":"post_tag","embeddable":true,"href":"https:\/\/www.egemtv.com\/index.php?rest_route=%2Fwp%2Fv2%2Ftags&post=79160"}],"curies":[{"name":"wp","href":"https:\/\/api.w.org\/{rel}","templated":true}]}}