{"id":79151,"date":"2026-01-07T15:34:54","date_gmt":"2026-01-07T12:34:54","guid":{"rendered":"https:\/\/www.egemtv.com\/?p=79151"},"modified":"2026-01-07T15:34:55","modified_gmt":"2026-01-07T12:34:55","slug":"turgutluda-otomobil-refuje-cikti-1-yarali","status":"publish","type":"post","link":"https:\/\/www.egemtv.com\/?p=79151","title":{"rendered":"Turgutlu\u2019da otomobil ref\u00fcje \u00e7\u0131kt\u0131: 1 yaral\u0131"},"content":{"rendered":"<p>Manisa\u2019n\u0131n Turgutlu il\u00e7esinde s\u00fcr\u00fcc\u00fcs\u00fcn\u00fcn kontrol\u00fcnden \u00e7\u0131kan otomobilin ref\u00fcje \u00e7\u0131kmas\u0131 sonucu meydana gelen kazada 1 ki\u015fi hafif yaraland\u0131.<br \/>\n<br \/>Kaza, E-96 Karayolu Ankara-Turgutlu asfalt\u0131 \u00fczerindeki bir kav\u015fakta meydana geldi. Edinilen bilgiye g\u00f6re, Ankara y\u00f6n\u00fcnden Turgutlu istikametine seyir halinde olan Hazal T. y\u00f6netimindeki 45 YZ 658 plakal\u0131 otomobil, kav\u015fakta s\u00fcr\u00fcc\u00fcs\u00fcn\u00fcn direksiyon hakimiyetini kaybetmesi sonucu ref\u00fcje \u00e7\u0131kt\u0131. \u00c7arpman\u0131n etkisiyle ref\u00fcjde bulunan ve b\u00f6lgedeki trafik \u0131\u015f\u0131klar\u0131na enerji sa\u011flayan elektrik trafosu da devrildi. \u0130hbar \u00fczerine olay yerine sa\u011fl\u0131k ve polis ekipleri sevk edildi. Kazada hafif \u015fekilde yaralanan s\u00fcr\u00fcc\u00fc Hazal T., ambulansla Turgutlu Devlet Hastanesine kald\u0131r\u0131larak tedavi alt\u0131na al\u0131nd\u0131.<br \/>\n<br \/>Kaza nedeniyle trafik \u0131\u015f\u0131klar\u0131n\u0131n devre d\u0131\u015f\u0131 kald\u0131\u011f\u0131 kav\u015fakta, ula\u015f\u0131m bir s\u00fcre polis ekiplerinin kontrol\u00fcnde sa\u011fland\u0131. Kazayla ilgili inceleme ba\u015flat\u0131ld\u0131.<br \/><\/p>\n","protected":false},"excerpt":{"rendered":"<p>Manisa\u2019n\u0131n Turgutlu il\u00e7esinde s\u00fcr\u00fcc\u00fcs\u00fcn\u00fcn kontrol\u00fcnden \u00e7\u0131kan otomobilin ref\u00fcje \u00e7\u0131kmas\u0131 sonucu meydana gelen kazada 1 ki\u015fi hafif yaraland\u0131. Kaza, E-96 Karayolu Ankara-Turgutlu asfalt\u0131 \u00fczerindeki bir kav\u015fakta meydana geldi. Edinilen bilgiye g\u00f6re, Ankara y\u00f6n\u00fcnden Turgutlu istikametine seyir halinde olan Hazal T. y\u00f6netimindeki 45 YZ 658 plakal\u0131 otomobil, kav\u015fakta s\u00fcr\u00fcc\u00fcs\u00fcn\u00fcn direksiyon hakimiyetini kaybetmesi sonucu ref\u00fcje \u00e7\u0131kt\u0131. \u00c7arpman\u0131n etkisiyle&#8230;<\/p>\n","protected":false},"author":1,"featured_media":79152,"comment_status":"open","ping_status":"open","sticky":false,"template":"","format":"standard","meta":{"_crdt_document":"","footnotes":""},"categories":[5],"tags":[],"class_list":["post-79151","post","type-post","status-publish","format-standard","has-post-thumbnail","hentry","category-asayis"],"_links":{"self":[{"href":"https:\/\/www.egemtv.com\/index.php?rest_route=\/wp\/v2\/posts\/79151","targetHints":{"allow":["GET"]}}],"collection":[{"href":"https:\/\/www.egemtv.com\/index.php?rest_route=\/wp\/v2\/posts"}],"about":[{"href":"https:\/\/www.egemtv.com\/index.php?rest_route=\/wp\/v2\/types\/post"}],"author":[{"embeddable":true,"href":"https:\/\/www.egemtv.com\/index.php?rest_route=\/wp\/v2\/users\/1"}],"replies":[{"embeddable":true,"href":"https:\/\/www.egemtv.com\/index.php?rest_route=%2Fwp%2Fv2%2Fcomments&post=79151"}],"version-history":[{"count":1,"href":"https:\/\/www.egemtv.com\/index.php?rest_route=\/wp\/v2\/posts\/79151\/revisions"}],"predecessor-version":[{"id":79153,"href":"https:\/\/www.egemtv.com\/index.php?rest_route=\/wp\/v2\/posts\/79151\/revisions\/79153"}],"wp:featuredmedia":[{"embeddable":true,"href":"https:\/\/www.egemtv.com\/index.php?rest_route=\/wp\/v2\/media\/79152"}],"wp:attachment":[{"href":"https:\/\/www.egemtv.com\/index.php?rest_route=%2Fwp%2Fv2%2Fmedia&parent=79151"}],"wp:term":[{"taxonomy":"category","embeddable":true,"href":"https:\/\/www.egemtv.com\/index.php?rest_route=%2Fwp%2Fv2%2Fcategories&post=79151"},{"taxonomy":"post_tag","embeddable":true,"href":"https:\/\/www.egemtv.com\/index.php?rest_route=%2Fwp%2Fv2%2Ftags&post=79151"}],"curies":[{"name":"wp","href":"https:\/\/api.w.org\/{rel}","templated":true}]}}