{"id":78878,"date":"2026-01-06T13:34:36","date_gmt":"2026-01-06T10:34:36","guid":{"rendered":"https:\/\/www.egemtv.com\/?p=78878"},"modified":"2026-01-06T13:34:37","modified_gmt":"2026-01-06T10:34:37","slug":"balikoy-gencyurduspor-2-hafta-kala-sampiyon","status":"publish","type":"post","link":"https:\/\/www.egemtv.com\/?p=78878","title":{"rendered":"Bal\u0131k\u00f6y Gen\u00e7yurduspor 2 hafta kala \u015fampiyon"},"content":{"rendered":"<p>K\u00fctahya\u2019n\u0131n Tav\u015fanl\u0131 il\u00e7esi 1. Amat\u00f6r B Grubu\u2019nda m\u00fccadele eden Bal\u0131k\u00f6y Gen\u00e7yurduspor, ligin bitimine iki hafta kala \u015fampiyonlu\u011funu ilan ederek b\u00fcy\u00fck bir ba\u015far\u0131ya imza att\u0131.<br \/>\n<br \/>Tav\u015fanl\u0131 1. Amat\u00f6r B Grubu\u2019nda sezon ba\u015f\u0131ndan bu yana sergiledi\u011fi istikrarl\u0131 performansla dikkat \u00e7eken Bal\u0131k\u00f6y Gen\u00e7yurduspor, ligin d\u00fc\u011f\u00fcm\u00fcn\u00fc erken \u00e7\u00f6zd\u00fc. Kul\u00fcp Ba\u015fkan\u0131 Hasan Yazkan ve Antren\u00f6r \u0130smail A\u015far y\u00f6netimindeki ye\u015fil-beyazl\u0131 ekip, matematiksel olarak \u015fampiyonlu\u011funu garantileyerek taraftarlar\u0131na b\u00fcy\u00fck sevin\u00e7 ya\u015fatt\u0131.<br \/>\n<br \/>\u015eampiyonluk sonras\u0131 a\u00e7\u0131klamalarda bulunan Kul\u00fcp Ba\u015fkan\u0131 Hasan Yazkan, hedeflerine ula\u015fman\u0131n gururunu ya\u015fad\u0131klar\u0131n\u0131 belirterek, &#8220;Sezon ba\u015f\u0131ndan bu yana birlik ve beraberlik i\u00e7inde hareket ettik. Teknik heyetimiz ve futbolcular\u0131m\u0131z b\u00fcy\u00fck bir \u00f6zveri g\u00f6sterdi. Bal\u0131k\u00f6y halk\u0131na ve taraftar\u0131m\u0131za bu \u015fampiyonlu\u011fu arma\u011fan ediyoruz&#8221; dedi.<br \/>\n<br \/>Tak\u0131m\u0131n ba\u015far\u0131s\u0131nda b\u00fcy\u00fck pay sahibi olan Antren\u00f6r \u0130smail A\u015far ise, planl\u0131 \u00e7al\u0131\u015fman\u0131n meyvelerini toplad\u0131klar\u0131n\u0131 ifade ederek, &#8220;Zorlu bir grupta liderli\u011fimizi koruyarak bitime iki hafta kala \u015fampiyon olduk. Oyuncular\u0131m\u0131 sahadaki m\u00fccadelelerinden dolay\u0131 kutluyorum.&#8221; diye konu\u015ftu.<br \/>\n<br \/>Ligin bitmesine iki hafta kala en yak\u0131n rakibiyle olan puan fark\u0131n\u0131 koruyan Bal\u0131k\u00f6y Gen\u00e7yurduspor, \u00f6n\u00fcm\u00fczdeki sezon bir \u00fcst ligde m\u00fccadele etme hakk\u0131 kazand\u0131.<br \/><\/p>\n","protected":false},"excerpt":{"rendered":"<p>K\u00fctahya\u2019n\u0131n Tav\u015fanl\u0131 il\u00e7esi 1. Amat\u00f6r B Grubu\u2019nda m\u00fccadele eden Bal\u0131k\u00f6y Gen\u00e7yurduspor, ligin bitimine iki hafta kala \u015fampiyonlu\u011funu ilan ederek b\u00fcy\u00fck bir ba\u015far\u0131ya imza att\u0131. Tav\u015fanl\u0131 1. Amat\u00f6r B Grubu\u2019nda sezon ba\u015f\u0131ndan bu yana sergiledi\u011fi istikrarl\u0131 performansla dikkat \u00e7eken Bal\u0131k\u00f6y Gen\u00e7yurduspor, ligin d\u00fc\u011f\u00fcm\u00fcn\u00fc erken \u00e7\u00f6zd\u00fc. Kul\u00fcp Ba\u015fkan\u0131 Hasan Yazkan ve Antren\u00f6r \u0130smail A\u015far y\u00f6netimindeki ye\u015fil-beyazl\u0131 ekip,&#8230;<\/p>\n","protected":false},"author":1,"featured_media":78879,"comment_status":"open","ping_status":"open","sticky":false,"template":"","format":"standard","meta":{"_crdt_document":"","footnotes":""},"categories":[4],"tags":[],"class_list":["post-78878","post","type-post","status-publish","format-standard","has-post-thumbnail","hentry","category-spor"],"_links":{"self":[{"href":"https:\/\/www.egemtv.com\/index.php?rest_route=\/wp\/v2\/posts\/78878","targetHints":{"allow":["GET"]}}],"collection":[{"href":"https:\/\/www.egemtv.com\/index.php?rest_route=\/wp\/v2\/posts"}],"about":[{"href":"https:\/\/www.egemtv.com\/index.php?rest_route=\/wp\/v2\/types\/post"}],"author":[{"embeddable":true,"href":"https:\/\/www.egemtv.com\/index.php?rest_route=\/wp\/v2\/users\/1"}],"replies":[{"embeddable":true,"href":"https:\/\/www.egemtv.com\/index.php?rest_route=%2Fwp%2Fv2%2Fcomments&post=78878"}],"version-history":[{"count":1,"href":"https:\/\/www.egemtv.com\/index.php?rest_route=\/wp\/v2\/posts\/78878\/revisions"}],"predecessor-version":[{"id":78880,"href":"https:\/\/www.egemtv.com\/index.php?rest_route=\/wp\/v2\/posts\/78878\/revisions\/78880"}],"wp:featuredmedia":[{"embeddable":true,"href":"https:\/\/www.egemtv.com\/index.php?rest_route=\/wp\/v2\/media\/78879"}],"wp:attachment":[{"href":"https:\/\/www.egemtv.com\/index.php?rest_route=%2Fwp%2Fv2%2Fmedia&parent=78878"}],"wp:term":[{"taxonomy":"category","embeddable":true,"href":"https:\/\/www.egemtv.com\/index.php?rest_route=%2Fwp%2Fv2%2Fcategories&post=78878"},{"taxonomy":"post_tag","embeddable":true,"href":"https:\/\/www.egemtv.com\/index.php?rest_route=%2Fwp%2Fv2%2Ftags&post=78878"}],"curies":[{"name":"wp","href":"https:\/\/api.w.org\/{rel}","templated":true}]}}