{"id":78875,"date":"2026-01-06T13:34:35","date_gmt":"2026-01-06T10:34:35","guid":{"rendered":"https:\/\/www.egemtv.com\/?p=78875"},"modified":"2026-01-06T13:34:36","modified_gmt":"2026-01-06T10:34:36","slug":"altekmanin-konugu-sliedrecht-sport","status":"publish","type":"post","link":"https:\/\/www.egemtv.com\/?p=78875","title":{"rendered":"Altekma\u2019n\u0131n konu\u011fu Sliedrecht Sport"},"content":{"rendered":"<p>Altekma, CEV Challenge Kupas\u0131 16\u2019l\u0131 finaller turunun ikinci ma\u00e7\u0131nda Hollanda ekibi Sliedrecht Sport\u2019u yar\u0131n \u0130zmir\u2019de a\u011f\u0131rlayacak.<br \/>\n<br \/>\u0130zmir temsilcisi Altekma, CEV Challenge Kupas\u0131 16\u2019l\u0131 finaller turunun ilk ma\u00e7\u0131nda deplasmanda 3-1 yendi\u011fi Hollanda ekibi Sliedrecht Sport\u2019u, r\u00f6van\u015f ma\u00e7\u0131nda yar\u0131n \u0130zmir\u2019de konuk edecek. Atat\u00fcrk Voleybol Salonu\u2019nda saat 19.00\u2019da ba\u015flayacak kar\u015f\u0131la\u015fmay\u0131 Frankie Tanti (Malta) ve Bozhidara Mitkova (Bulgaristan) hakem ikilisi y\u00f6netecek. Altekma, rakibinden en az 2 set al\u0131rsa yenilse bile tur atlamay\u0131 garantilemi\u015f olacak. Ma\u00e7\u0131n biletleri ise 100 TL\u2019den taraftarlar\u0131n sat\u0131\u015f\u0131na sunuldu.<br \/>\n<br \/>Altekma Ba\u015fkan\u0131 Melih Sebastien Durmu\u015f da a\u00e7\u0131klamalarda bulunarak, &#8220;Bu ma\u00e7\u0131 kazanarak Avrupa Kupas\u0131\u2019nda son 16\u2019ya kalmak istiyoruz. 1990 y\u0131l\u0131nda kurulmu\u015f kul\u00fcb\u00fcm\u00fcz i\u00e7in b\u00fcy\u00fck bir ba\u015far\u0131 olacak.  \u015eu ana kadar tarihimizde g\u00f6r\u00fclmemi\u015f bir \u015fey. Bu \u00f6nemli ma\u00e7a herkesi bekliyoruz&#8221; diye konu\u015ftu.<br \/>\n<br \/>Ba\u015fantren\u00f6r \u00d6mer Tok da bu turu atlamak istediklerini belirterek, &#8220;\u00c7ok s\u0131k\u0131 bir ma\u00e7 takviminde \u00e7\u0131kt\u0131k. Kadromuzda ufak tefek de\u011fi\u015fiklikler var. Bu ma\u00e7\u0131 kazan\u0131p sezonun ikinci yar\u0131s\u0131na da mutlu bir \u015fekilde ba\u015flamak istiyoruz&#8221; dedi.<\/p>\n<p>Altekma\u2019da fla\u015f ayr\u0131l\u0131k<br \/>\n<br \/>Altekma\u2019da Sliedrecht Sport kar\u015f\u0131la\u015fmas\u0131 \u00f6ncesinde fla\u015f ayr\u0131l\u0131k ya\u015fand\u0131. Konuyla ilgili kul\u00fcpten yap\u0131lan a\u00e7\u0131klamada, &#8220;Formam\u0131z alt\u0131nda g\u00f6sterdi\u011fi m\u00fccadele ve katk\u0131lar\u0131 i\u00e7in Gabriel Candido\u2019ya te\u015fekk\u00fcr ederiz. S\u00f6zle\u015fmemiz kar\u015f\u0131l\u0131kl\u0131 anla\u015fma ile sona ermi\u015ftir. Yolun a\u00e7\u0131k olsun Gabriel&#8221; ifadeleri kullan\u0131ld\u0131.<br \/><\/p>\n","protected":false},"excerpt":{"rendered":"<p>Altekma, CEV Challenge Kupas\u0131 16\u2019l\u0131 finaller turunun ikinci ma\u00e7\u0131nda Hollanda ekibi Sliedrecht Sport\u2019u yar\u0131n \u0130zmir\u2019de a\u011f\u0131rlayacak. \u0130zmir temsilcisi Altekma, CEV Challenge Kupas\u0131 16\u2019l\u0131 finaller turunun ilk ma\u00e7\u0131nda deplasmanda 3-1 yendi\u011fi Hollanda ekibi Sliedrecht Sport\u2019u, r\u00f6van\u015f ma\u00e7\u0131nda yar\u0131n \u0130zmir\u2019de konuk edecek. Atat\u00fcrk Voleybol Salonu\u2019nda saat 19.00\u2019da ba\u015flayacak kar\u015f\u0131la\u015fmay\u0131 Frankie Tanti (Malta) ve Bozhidara Mitkova (Bulgaristan) hakem&#8230;<\/p>\n","protected":false},"author":1,"featured_media":78876,"comment_status":"open","ping_status":"open","sticky":false,"template":"","format":"standard","meta":{"_crdt_document":"","footnotes":""},"categories":[4],"tags":[],"class_list":["post-78875","post","type-post","status-publish","format-standard","has-post-thumbnail","hentry","category-spor"],"_links":{"self":[{"href":"https:\/\/www.egemtv.com\/index.php?rest_route=\/wp\/v2\/posts\/78875","targetHints":{"allow":["GET"]}}],"collection":[{"href":"https:\/\/www.egemtv.com\/index.php?rest_route=\/wp\/v2\/posts"}],"about":[{"href":"https:\/\/www.egemtv.com\/index.php?rest_route=\/wp\/v2\/types\/post"}],"author":[{"embeddable":true,"href":"https:\/\/www.egemtv.com\/index.php?rest_route=\/wp\/v2\/users\/1"}],"replies":[{"embeddable":true,"href":"https:\/\/www.egemtv.com\/index.php?rest_route=%2Fwp%2Fv2%2Fcomments&post=78875"}],"version-history":[{"count":1,"href":"https:\/\/www.egemtv.com\/index.php?rest_route=\/wp\/v2\/posts\/78875\/revisions"}],"predecessor-version":[{"id":78877,"href":"https:\/\/www.egemtv.com\/index.php?rest_route=\/wp\/v2\/posts\/78875\/revisions\/78877"}],"wp:featuredmedia":[{"embeddable":true,"href":"https:\/\/www.egemtv.com\/index.php?rest_route=\/wp\/v2\/media\/78876"}],"wp:attachment":[{"href":"https:\/\/www.egemtv.com\/index.php?rest_route=%2Fwp%2Fv2%2Fmedia&parent=78875"}],"wp:term":[{"taxonomy":"category","embeddable":true,"href":"https:\/\/www.egemtv.com\/index.php?rest_route=%2Fwp%2Fv2%2Fcategories&post=78875"},{"taxonomy":"post_tag","embeddable":true,"href":"https:\/\/www.egemtv.com\/index.php?rest_route=%2Fwp%2Fv2%2Ftags&post=78875"}],"curies":[{"name":"wp","href":"https:\/\/api.w.org\/{rel}","templated":true}]}}