{"id":78872,"date":"2026-01-06T13:34:35","date_gmt":"2026-01-06T10:34:35","guid":{"rendered":"https:\/\/www.egemtv.com\/?p=78872"},"modified":"2026-01-06T13:34:35","modified_gmt":"2026-01-06T10:34:35","slug":"denizlide-sehir-ici-otobuslerde-cikan-yanginlar-korkuya-neden-oldu","status":"publish","type":"post","link":"https:\/\/www.egemtv.com\/?p=78872","title":{"rendered":"Denizli\u2019de \u015fehir i\u00e7i otob\u00fcslerde \u00e7\u0131kan yang\u0131nlar korkuya neden oldu"},"content":{"rendered":"<p>Denizli B\u00fcy\u00fck\u015fehir Belediyesi\u2019ne ait \u015fehir i\u00e7i yolcu otob\u00fcslerinde ayn\u0131 g\u00fcn i\u00e7erisinde iki ayr\u0131 yang\u0131n meydana geldi. Otob\u00fcslerin motor k\u0131sm\u0131nda \u00e7\u0131kan yang\u0131nlar pani\u011fe neden olurken, olaylarda can kayb\u0131 ya da yaralanma ya\u015fanmad\u0131.<br \/>\n<br \/>\u0130lk yang\u0131n, Pamukkale il\u00e7esi Cankurtaran Mahallesi\u2019nde saat 17.14 s\u0131ralar\u0131nda meydana geldi. Seyir halindeki otob\u00fcs\u00fcn motor b\u00f6l\u00fcm\u00fcnden dumanlar y\u00fckseldi\u011fini fark eden s\u00fcr\u00fcc\u00fc, arac\u0131 durdurarak yolcular\u0131 tahliye etti. K\u0131sa s\u00fcrede olay yerine gelen itfaiye ekipleri yang\u0131n\u0131 kontrol alt\u0131na ald\u0131.<br \/>\n<br \/>\u0130kinci yang\u0131n ise yine Pamukkale il\u00e7esinde, \u0130ncilip\u0131nar Mahallesi\u2019nde saat 19.00 civar\u0131nda ya\u015fand\u0131. Seyir halindeki otob\u00fcs\u00fcn motor k\u0131sm\u0131ndan dumanlar y\u00fckselmeye ba\u015flad\u0131. Dumanlar\u0131 fark eden s\u00fcr\u00fcc\u00fc, otob\u00fcs\u00fc bo\u015f alana \u00e7ekmek i\u00e7in h\u0131zla hareket etti. \u0130nsanlar\u0131n ve ara\u00e7lar\u0131n olmad\u0131\u011f\u0131 alanda hemen otob\u00fcs\u00fc tahliye eden \u015fof\u00f6r sayesinde olayda can kayb\u0131 ya da yaralanma ya\u015fanmad\u0131. Alevler itfaiye ekiplerinin h\u0131zl\u0131 m\u00fcdahalesiyle b\u00fcy\u00fcmeden s\u00f6nd\u00fcr\u00fcld\u00fc.<br \/>\n<br \/>Her iki olayda da yolcular\u0131n zaman\u0131nda tahliye edilmesi sayesinde can kayb\u0131 ve yaralanma ya\u015fanmad\u0131. Yang\u0131nlar\u0131n \u00e7\u0131k\u0131\u015f nedenine ili\u015fkin inceleme ba\u015flat\u0131ld\u0131.<br \/><\/p>\n","protected":false},"excerpt":{"rendered":"<p>Denizli B\u00fcy\u00fck\u015fehir Belediyesi\u2019ne ait \u015fehir i\u00e7i yolcu otob\u00fcslerinde ayn\u0131 g\u00fcn i\u00e7erisinde iki ayr\u0131 yang\u0131n meydana geldi. Otob\u00fcslerin motor k\u0131sm\u0131nda \u00e7\u0131kan yang\u0131nlar pani\u011fe neden olurken, olaylarda can kayb\u0131 ya da yaralanma ya\u015fanmad\u0131. \u0130lk yang\u0131n, Pamukkale il\u00e7esi Cankurtaran Mahallesi\u2019nde saat 17.14 s\u0131ralar\u0131nda meydana geldi. Seyir halindeki otob\u00fcs\u00fcn motor b\u00f6l\u00fcm\u00fcnden dumanlar y\u00fckseldi\u011fini fark eden s\u00fcr\u00fcc\u00fc, arac\u0131 durdurarak yolcular\u0131&#8230;<\/p>\n","protected":false},"author":1,"featured_media":78873,"comment_status":"open","ping_status":"open","sticky":false,"template":"","format":"standard","meta":{"_crdt_document":"","footnotes":""},"categories":[5],"tags":[],"class_list":["post-78872","post","type-post","status-publish","format-standard","has-post-thumbnail","hentry","category-asayis"],"_links":{"self":[{"href":"https:\/\/www.egemtv.com\/index.php?rest_route=\/wp\/v2\/posts\/78872","targetHints":{"allow":["GET"]}}],"collection":[{"href":"https:\/\/www.egemtv.com\/index.php?rest_route=\/wp\/v2\/posts"}],"about":[{"href":"https:\/\/www.egemtv.com\/index.php?rest_route=\/wp\/v2\/types\/post"}],"author":[{"embeddable":true,"href":"https:\/\/www.egemtv.com\/index.php?rest_route=\/wp\/v2\/users\/1"}],"replies":[{"embeddable":true,"href":"https:\/\/www.egemtv.com\/index.php?rest_route=%2Fwp%2Fv2%2Fcomments&post=78872"}],"version-history":[{"count":1,"href":"https:\/\/www.egemtv.com\/index.php?rest_route=\/wp\/v2\/posts\/78872\/revisions"}],"predecessor-version":[{"id":78874,"href":"https:\/\/www.egemtv.com\/index.php?rest_route=\/wp\/v2\/posts\/78872\/revisions\/78874"}],"wp:featuredmedia":[{"embeddable":true,"href":"https:\/\/www.egemtv.com\/index.php?rest_route=\/wp\/v2\/media\/78873"}],"wp:attachment":[{"href":"https:\/\/www.egemtv.com\/index.php?rest_route=%2Fwp%2Fv2%2Fmedia&parent=78872"}],"wp:term":[{"taxonomy":"category","embeddable":true,"href":"https:\/\/www.egemtv.com\/index.php?rest_route=%2Fwp%2Fv2%2Fcategories&post=78872"},{"taxonomy":"post_tag","embeddable":true,"href":"https:\/\/www.egemtv.com\/index.php?rest_route=%2Fwp%2Fv2%2Ftags&post=78872"}],"curies":[{"name":"wp","href":"https:\/\/api.w.org\/{rel}","templated":true}]}}