{"id":78869,"date":"2026-01-06T13:34:34","date_gmt":"2026-01-06T10:34:34","guid":{"rendered":"https:\/\/www.egemtv.com\/?p=78869"},"modified":"2026-01-06T13:34:35","modified_gmt":"2026-01-06T10:34:35","slug":"aydina-kuvvetli-firtina-uyarisi","status":"publish","type":"post","link":"https:\/\/www.egemtv.com\/?p=78869","title":{"rendered":"Ayd\u0131n\u2019a kuvvetli f\u0131rt\u0131na uyar\u0131s\u0131"},"content":{"rendered":"<p>Ayd\u0131n\u2019da yar\u0131n \u00f6\u011flen saatlerinden sonra r\u00fczgar\u0131 kuvvetli f\u0131rt\u0131na \u015feklinde esmesi bekleniyor.<\/p>\n<p>Meteoroloji\u2019den yap\u0131lan a\u00e7\u0131klamada,  &#8220;Yap\u0131lan son de\u011ferlendirmelere g\u00f6re; b\u00f6lgemizde beklenen r\u00fczgar\u0131n, yar\u0131n (\u00c7ar\u015famba) \u00f6\u011fle saatlerinden sonra Ayd\u0131n il genelinde g\u00fcneyli y\u00f6nlerden kuvvetli ve f\u0131rt\u0131na (50-75 km\/sa), k\u0131y\u0131lar\u0131nda yer yer kuvvetli f\u0131rt\u0131na (80-90 km\/sa) \u015feklinde esmesi beklenmektedir&#8221; denildi.<br \/><\/p>\n","protected":false},"excerpt":{"rendered":"<p>Ayd\u0131n\u2019da yar\u0131n \u00f6\u011flen saatlerinden sonra r\u00fczgar\u0131 kuvvetli f\u0131rt\u0131na \u015feklinde esmesi bekleniyor. Meteoroloji\u2019den yap\u0131lan a\u00e7\u0131klamada, &#8220;Yap\u0131lan son de\u011ferlendirmelere g\u00f6re; b\u00f6lgemizde beklenen r\u00fczgar\u0131n, yar\u0131n (\u00c7ar\u015famba) \u00f6\u011fle saatlerinden sonra Ayd\u0131n il genelinde g\u00fcneyli y\u00f6nlerden kuvvetli ve f\u0131rt\u0131na (50-75 km\/sa), k\u0131y\u0131lar\u0131nda yer yer kuvvetli f\u0131rt\u0131na (80-90 km\/sa) \u015feklinde esmesi beklenmektedir&#8221; denildi.<\/p>\n","protected":false},"author":1,"featured_media":78870,"comment_status":"open","ping_status":"open","sticky":false,"template":"","format":"standard","meta":{"_crdt_document":"","footnotes":""},"categories":[5],"tags":[],"class_list":["post-78869","post","type-post","status-publish","format-standard","has-post-thumbnail","hentry","category-asayis"],"_links":{"self":[{"href":"https:\/\/www.egemtv.com\/index.php?rest_route=\/wp\/v2\/posts\/78869","targetHints":{"allow":["GET"]}}],"collection":[{"href":"https:\/\/www.egemtv.com\/index.php?rest_route=\/wp\/v2\/posts"}],"about":[{"href":"https:\/\/www.egemtv.com\/index.php?rest_route=\/wp\/v2\/types\/post"}],"author":[{"embeddable":true,"href":"https:\/\/www.egemtv.com\/index.php?rest_route=\/wp\/v2\/users\/1"}],"replies":[{"embeddable":true,"href":"https:\/\/www.egemtv.com\/index.php?rest_route=%2Fwp%2Fv2%2Fcomments&post=78869"}],"version-history":[{"count":1,"href":"https:\/\/www.egemtv.com\/index.php?rest_route=\/wp\/v2\/posts\/78869\/revisions"}],"predecessor-version":[{"id":78871,"href":"https:\/\/www.egemtv.com\/index.php?rest_route=\/wp\/v2\/posts\/78869\/revisions\/78871"}],"wp:featuredmedia":[{"embeddable":true,"href":"https:\/\/www.egemtv.com\/index.php?rest_route=\/wp\/v2\/media\/78870"}],"wp:attachment":[{"href":"https:\/\/www.egemtv.com\/index.php?rest_route=%2Fwp%2Fv2%2Fmedia&parent=78869"}],"wp:term":[{"taxonomy":"category","embeddable":true,"href":"https:\/\/www.egemtv.com\/index.php?rest_route=%2Fwp%2Fv2%2Fcategories&post=78869"},{"taxonomy":"post_tag","embeddable":true,"href":"https:\/\/www.egemtv.com\/index.php?rest_route=%2Fwp%2Fv2%2Ftags&post=78869"}],"curies":[{"name":"wp","href":"https:\/\/api.w.org\/{rel}","templated":true}]}}